{"id":1092,"date":"2026-05-26T09:45:37","date_gmt":"2026-05-26T09:45:37","guid":{"rendered":"https:\/\/www.u-picardie.fr\/e-sense-a2u\/?p=1092"},"modified":"2026-06-19T09:45:56","modified_gmt":"2026-06-19T09:45:56","slug":"1er-thematic-workshop-sustainable-transformation","status":"publish","type":"post","link":"https:\/\/www.u-picardie.fr\/e-sense-a2u\/en\/1er-thematic-workshop-sustainable-transformation\/","title":{"rendered":"1er Thematic Workshop \u201cSustainable Transformation\u201d :"},"content":{"rendered":"\n<p class=\"wp-block-paragraph\">Rechercher :<\/p>\n\n\n\n<p class=\"wp-block-paragraph\">FREN<\/p>\n\n\n\n<p class=\"wp-block-paragraph\"><a href=\"https:\/\/www.u-picardie.fr\/e-sense-a2u\/en\/project-presentation\/\">Project presentation <\/a><a href=\"https:\/\/www.u-picardie.fr\/e-sense-a2u\/en\/governance\/\">Governance <\/a><a href=\"https:\/\/www.u-picardie.fr\/e-sense-a2u\/\">Partners &amp; Networks<\/a><\/p>\n\n\n\n<p class=\"wp-block-paragraph\"><a href=\"https:\/\/www.u-picardie.fr\/e-sense-a2u\/en\/the-4-themes\/\">The 4 themes <\/a><a href=\"https:\/\/www.u-picardie.fr\/e-sense-a2u\/en\/projects-thesesfunded\/\">Funded projects and theses <\/a><a href=\"https:\/\/www.u-picardie.fr\/e-sense-a2u\/en\/906-2\/\">Call for project proposals<\/a><\/p>\n\n\n\n<p class=\"wp-block-paragraph\"><a href=\"https:\/\/www.u-picardie.fr\/e-sense-a2u\/en\/skills-sets\/\">Skill Blocks <\/a><a href=\"https:\/\/www.u-picardie.fr\/e-sense-a2u\/en\/blocs-competences\/\">Skill Block Library <\/a><a href=\"https:\/\/www.u-picardie.fr\/e-sense-a2u\/en\/e%e2%88%99sense-scholarships\/\">e\u2219sense scholarships <\/a><a href=\"https:\/\/www.u-picardie.fr\/e-sense-a2u\/en\/long-immersion-phase\/\">Long immersive phase <\/a><a href=\"https:\/\/www.u-picardie.fr\/e-sense-a2u\/cette-page-est-en-construction\/\">Doctoral strengthening <\/a><a href=\"https:\/\/www.u-picardie.fr\/e-sense-a2u\/cette-page-est-en-construction\/\">FAQ<\/a><\/p>\n\n\n\n<p class=\"wp-block-paragraph\"><a href=\"https:\/\/www.u-picardie.fr\/e-sense-a2u\/cette-page-est-en-construction\/\">Science with and for society <\/a><a href=\"https:\/\/www.u-picardie.fr\/e-sense-a2u\/cette-page-est-en-construction\/\">e\u2219sense answers your questions <\/a><a href=\"https:\/\/www.u-picardie.fr\/e-sense-a2u\/cette-page-est-en-construction\/\">Mediation actions<\/a><\/p>\n\n\n\n<p class=\"wp-block-paragraph\"><a href=\"https:\/\/www.u-picardie.fr\/e-sense-a2u\/cette-page-est-en-construction\/\">Strengthening ties <\/a><a href=\"https:\/\/www.u-picardie.fr\/e-sense-a2u\/cette-page-est-en-construction\/\">Partners &amp; Networks <\/a><a href=\"https:\/\/www.u-picardie.fr\/e-sense-a2u\/cette-page-est-en-construction\/\">International projects<\/a><\/p>\n\n\n\n<p class=\"wp-block-paragraph\"><a href=\"https:\/\/www.u-picardie.fr\/e-sense-a2u\/cette-page-est-en-construction\/\">Our socio-economic committee <\/a><a href=\"https:\/\/www.u-picardie.fr\/e-sense-a2u\/cette-page-est-en-construction\/\">Student mobility <\/a><a href=\"https:\/\/www.u-picardie.fr\/e-sense-a2u\/cette-page-est-en-construction\/\">Our international committee<\/a><\/p>\n\n\n\n<p class=\"wp-block-paragraph\"><a href=\"https:\/\/www.u-picardie.fr\/e-sense-a2u\/cette-page-est-en-construction\/\">Ressources<\/a><\/p>\n\n\n\n<figure class=\"wp-block-image\"><img decoding=\"async\" src=\"https:\/\/www.u-picardie.fr\/e-sense-a2u\/wp-content\/themes\/theme-starter\/assets\/img\/svg\/logo_horizontal.svg\" alt=\"e\u2219sense\"\/><\/figure>\n\n\n\n<p class=\"wp-block-paragraph\"><a href=\"https:\/\/www.u-picardie.fr\/e-sense-a2u\/en\/accueil-english\"><\/a><\/p>\n\n\n\n<h1 class=\"wp-block-heading\">1er Thematic Workshop \u201cStorage Sciences\u201d :<\/h1>\n","protected":false},"excerpt":{"rendered":"<p>On Thursday, May 21, we met in Lens, at the Universit\u00e9 d&rsquo;Artois, for the first E.SENSE in-person workshop: \u00ab\u00a0Sustainable Transformation\u00a0\u00bb.<\/p>\n","protected":false},"author":3,"featured_media":707,"comment_status":"open","ping_status":"open","sticky":false,"template":"","format":"standard","meta":{"_acf_changed":false,"footnotes":""},"categories":[16],"tags":[],"class_list":["post-1092","post","type-post","status-publish","format-standard","has-post-thumbnail","hentry","category-non-classe-en"],"acf":[],"yoast_head":"<!-- This site is optimized with the Yoast SEO plugin v28.3 - https:\/\/yoast.com\/product\/yoast-seo-wordpress\/ -->\n<title>1er Thematic Workshop \u201cSustainable Transformation\u201d : - esense<\/title>\n<meta name=\"robots\" content=\"index, follow, max-snippet:-1, max-image-preview:large, max-video-preview:-1\" \/>\n<link rel=\"canonical\" href=\"https:\/\/www.u-picardie.fr\/e-sense-a2u\/en\/1er-thematic-workshop-sustainable-transformation\/\" \/>\n<meta property=\"og:locale\" content=\"fr_FR\" \/>\n<meta property=\"og:type\" content=\"article\" \/>\n<meta property=\"og:title\" content=\"1er Thematic Workshop \u201cSustainable Transformation\u201d : - esense\" \/>\n<meta property=\"og:description\" content=\"On Thursday, May 21, we met in Lens, at the Universit\u00e9 d&#039;Artois, for the first E.SENSE in-person workshop: &quot;Sustainable Transformation&quot;.\" \/>\n<meta property=\"og:url\" content=\"https:\/\/www.u-picardie.fr\/e-sense-a2u\/en\/1er-thematic-workshop-sustainable-transformation\/\" \/>\n<meta property=\"og:site_name\" content=\"esense\" \/>\n<meta property=\"article:published_time\" content=\"2026-05-26T09:45:37+00:00\" \/>\n<meta property=\"article:modified_time\" content=\"2026-06-19T09:45:56+00:00\" \/>\n<meta property=\"og:image\" content=\"https:\/\/www.u-picardie.fr\/e-sense-a2u\/wp-content\/uploads\/2026\/02\/atelier-transformation-durable-scaled.jpg\" \/>\n\t<meta property=\"og:image:width\" content=\"2560\" \/>\n\t<meta property=\"og:image:height\" content=\"1707\" \/>\n\t<meta property=\"og:image:type\" content=\"image\/jpeg\" \/>\n<meta name=\"author\" content=\"alexis.danzel\" \/>\n<meta name=\"twitter:card\" content=\"summary_large_image\" \/>\n<meta name=\"twitter:label1\" content=\"\u00c9crit par\" \/>\n\t<meta name=\"twitter:data1\" content=\"alexis.danzel\" \/>\n\t<meta name=\"twitter:label2\" content=\"Dur\u00e9e de lecture estim\u00e9e\" \/>\n\t<meta name=\"twitter:data2\" content=\"1 minute\" \/>\n<script type=\"application\/ld+json\" class=\"yoast-schema-graph\">{\"@context\":\"https:\\\/\\\/schema.org\",\"@graph\":[{\"@type\":\"Article\",\"@id\":\"https:\\\/\\\/www.u-picardie.fr\\\/e-sense-a2u\\\/en\\\/1er-thematic-workshop-sustainable-transformation\\\/#article\",\"isPartOf\":{\"@id\":\"https:\\\/\\\/www.u-picardie.fr\\\/e-sense-a2u\\\/en\\\/1er-thematic-workshop-sustainable-transformation\\\/\"},\"author\":{\"name\":\"alexis.danzel\",\"@id\":\"https:\\\/\\\/www.u-picardie.fr\\\/e-sense-a2u\\\/#\\\/schema\\\/person\\\/2a614d80fbc58d874bfc7bf9b5e4dc21\"},\"headline\":\"1er Thematic Workshop \u201cSustainable Transformation\u201d :\",\"datePublished\":\"2026-05-26T09:45:37+00:00\",\"dateModified\":\"2026-06-19T09:45:56+00:00\",\"mainEntityOfPage\":{\"@id\":\"https:\\\/\\\/www.u-picardie.fr\\\/e-sense-a2u\\\/en\\\/1er-thematic-workshop-sustainable-transformation\\\/\"},\"wordCount\":70,\"commentCount\":0,\"image\":{\"@id\":\"https:\\\/\\\/www.u-picardie.fr\\\/e-sense-a2u\\\/en\\\/1er-thematic-workshop-sustainable-transformation\\\/#primaryimage\"},\"thumbnailUrl\":\"https:\\\/\\\/www.u-picardie.fr\\\/e-sense-a2u\\\/wp-content\\\/uploads\\\/2026\\\/02\\\/atelier-transformation-durable-scaled.jpg\",\"inLanguage\":\"fr-FR\",\"potentialAction\":[{\"@type\":\"CommentAction\",\"name\":\"Comment\",\"target\":[\"https:\\\/\\\/www.u-picardie.fr\\\/e-sense-a2u\\\/en\\\/1er-thematic-workshop-sustainable-transformation\\\/#respond\"]}]},{\"@type\":\"WebPage\",\"@id\":\"https:\\\/\\\/www.u-picardie.fr\\\/e-sense-a2u\\\/en\\\/1er-thematic-workshop-sustainable-transformation\\\/\",\"url\":\"https:\\\/\\\/www.u-picardie.fr\\\/e-sense-a2u\\\/en\\\/1er-thematic-workshop-sustainable-transformation\\\/\",\"name\":\"1er Thematic Workshop \u201cSustainable Transformation\u201d : - esense\",\"isPartOf\":{\"@id\":\"https:\\\/\\\/www.u-picardie.fr\\\/e-sense-a2u\\\/#website\"},\"primaryImageOfPage\":{\"@id\":\"https:\\\/\\\/www.u-picardie.fr\\\/e-sense-a2u\\\/en\\\/1er-thematic-workshop-sustainable-transformation\\\/#primaryimage\"},\"image\":{\"@id\":\"https:\\\/\\\/www.u-picardie.fr\\\/e-sense-a2u\\\/en\\\/1er-thematic-workshop-sustainable-transformation\\\/#primaryimage\"},\"thumbnailUrl\":\"https:\\\/\\\/www.u-picardie.fr\\\/e-sense-a2u\\\/wp-content\\\/uploads\\\/2026\\\/02\\\/atelier-transformation-durable-scaled.jpg\",\"datePublished\":\"2026-05-26T09:45:37+00:00\",\"dateModified\":\"2026-06-19T09:45:56+00:00\",\"author\":{\"@id\":\"https:\\\/\\\/www.u-picardie.fr\\\/e-sense-a2u\\\/#\\\/schema\\\/person\\\/2a614d80fbc58d874bfc7bf9b5e4dc21\"},\"breadcrumb\":{\"@id\":\"https:\\\/\\\/www.u-picardie.fr\\\/e-sense-a2u\\\/en\\\/1er-thematic-workshop-sustainable-transformation\\\/#breadcrumb\"},\"inLanguage\":\"fr-FR\",\"potentialAction\":[{\"@type\":\"ReadAction\",\"target\":[\"https:\\\/\\\/www.u-picardie.fr\\\/e-sense-a2u\\\/en\\\/1er-thematic-workshop-sustainable-transformation\\\/\"]}]},{\"@type\":\"ImageObject\",\"inLanguage\":\"fr-FR\",\"@id\":\"https:\\\/\\\/www.u-picardie.fr\\\/e-sense-a2u\\\/en\\\/1er-thematic-workshop-sustainable-transformation\\\/#primaryimage\",\"url\":\"https:\\\/\\\/www.u-picardie.fr\\\/e-sense-a2u\\\/wp-content\\\/uploads\\\/2026\\\/02\\\/atelier-transformation-durable-scaled.jpg\",\"contentUrl\":\"https:\\\/\\\/www.u-picardie.fr\\\/e-sense-a2u\\\/wp-content\\\/uploads\\\/2026\\\/02\\\/atelier-transformation-durable-scaled.jpg\",\"width\":2560,\"height\":1707,\"caption\":\"Logo Transformation durable et indication de l'atelier\"},{\"@type\":\"BreadcrumbList\",\"@id\":\"https:\\\/\\\/www.u-picardie.fr\\\/e-sense-a2u\\\/en\\\/1er-thematic-workshop-sustainable-transformation\\\/#breadcrumb\",\"itemListElement\":[{\"@type\":\"ListItem\",\"position\":1,\"name\":\"Accueil\",\"item\":\"https:\\\/\\\/www.u-picardie.fr\\\/e-sense-a2u\\\/\"},{\"@type\":\"ListItem\",\"position\":2,\"name\":\"1er Thematic Workshop \u201cSustainable Transformation\u201d :\"}]},{\"@type\":\"WebSite\",\"@id\":\"https:\\\/\\\/www.u-picardie.fr\\\/e-sense-a2u\\\/#website\",\"url\":\"https:\\\/\\\/www.u-picardie.fr\\\/e-sense-a2u\\\/\",\"name\":\"esense\",\"description\":\"\",\"potentialAction\":[{\"@type\":\"SearchAction\",\"target\":{\"@type\":\"EntryPoint\",\"urlTemplate\":\"https:\\\/\\\/www.u-picardie.fr\\\/e-sense-a2u\\\/?s={search_term_string}\"},\"query-input\":{\"@type\":\"PropertyValueSpecification\",\"valueRequired\":true,\"valueName\":\"search_term_string\"}}],\"inLanguage\":\"fr-FR\"},{\"@type\":\"Person\",\"@id\":\"https:\\\/\\\/www.u-picardie.fr\\\/e-sense-a2u\\\/#\\\/schema\\\/person\\\/2a614d80fbc58d874bfc7bf9b5e4dc21\",\"name\":\"alexis.danzel\",\"image\":{\"@type\":\"ImageObject\",\"inLanguage\":\"fr-FR\",\"@id\":\"https:\\\/\\\/secure.gravatar.com\\\/avatar\\\/ae82ec0f0288b3542bd7e38646a436f38d1f63a65ef21d7c9e6868d705e8005c?s=96&d=mm&r=g\",\"url\":\"https:\\\/\\\/secure.gravatar.com\\\/avatar\\\/ae82ec0f0288b3542bd7e38646a436f38d1f63a65ef21d7c9e6868d705e8005c?s=96&d=mm&r=g\",\"contentUrl\":\"https:\\\/\\\/secure.gravatar.com\\\/avatar\\\/ae82ec0f0288b3542bd7e38646a436f38d1f63a65ef21d7c9e6868d705e8005c?s=96&d=mm&r=g\",\"caption\":\"alexis.danzel\"},\"url\":\"https:\\\/\\\/www.u-picardie.fr\\\/e-sense-a2u\\\/author\\\/alexis-danzel\\\/\"}]}<\/script>\n<!-- \/ Yoast SEO plugin. -->","yoast_head_json":{"title":"1er Thematic Workshop \u201cSustainable Transformation\u201d : - esense","robots":{"index":"index","follow":"follow","max-snippet":"max-snippet:-1","max-image-preview":"max-image-preview:large","max-video-preview":"max-video-preview:-1"},"canonical":"https:\/\/www.u-picardie.fr\/e-sense-a2u\/en\/1er-thematic-workshop-sustainable-transformation\/","og_locale":"fr_FR","og_type":"article","og_title":"1er Thematic Workshop \u201cSustainable Transformation\u201d : - esense","og_description":"On Thursday, May 21, we met in Lens, at the Universit\u00e9 d'Artois, for the first E.SENSE in-person workshop: \"Sustainable Transformation\".","og_url":"https:\/\/www.u-picardie.fr\/e-sense-a2u\/en\/1er-thematic-workshop-sustainable-transformation\/","og_site_name":"esense","article_published_time":"2026-05-26T09:45:37+00:00","article_modified_time":"2026-06-19T09:45:56+00:00","og_image":[{"width":2560,"height":1707,"url":"https:\/\/www.u-picardie.fr\/e-sense-a2u\/wp-content\/uploads\/2026\/02\/atelier-transformation-durable-scaled.jpg","type":"image\/jpeg"}],"author":"alexis.danzel","twitter_card":"summary_large_image","twitter_misc":{"\u00c9crit par":"alexis.danzel","Dur\u00e9e de lecture estim\u00e9e":"1 minute"},"schema":{"@context":"https:\/\/schema.org","@graph":[{"@type":"Article","@id":"https:\/\/www.u-picardie.fr\/e-sense-a2u\/en\/1er-thematic-workshop-sustainable-transformation\/#article","isPartOf":{"@id":"https:\/\/www.u-picardie.fr\/e-sense-a2u\/en\/1er-thematic-workshop-sustainable-transformation\/"},"author":{"name":"alexis.danzel","@id":"https:\/\/www.u-picardie.fr\/e-sense-a2u\/#\/schema\/person\/2a614d80fbc58d874bfc7bf9b5e4dc21"},"headline":"1er Thematic Workshop \u201cSustainable Transformation\u201d :","datePublished":"2026-05-26T09:45:37+00:00","dateModified":"2026-06-19T09:45:56+00:00","mainEntityOfPage":{"@id":"https:\/\/www.u-picardie.fr\/e-sense-a2u\/en\/1er-thematic-workshop-sustainable-transformation\/"},"wordCount":70,"commentCount":0,"image":{"@id":"https:\/\/www.u-picardie.fr\/e-sense-a2u\/en\/1er-thematic-workshop-sustainable-transformation\/#primaryimage"},"thumbnailUrl":"https:\/\/www.u-picardie.fr\/e-sense-a2u\/wp-content\/uploads\/2026\/02\/atelier-transformation-durable-scaled.jpg","inLanguage":"fr-FR","potentialAction":[{"@type":"CommentAction","name":"Comment","target":["https:\/\/www.u-picardie.fr\/e-sense-a2u\/en\/1er-thematic-workshop-sustainable-transformation\/#respond"]}]},{"@type":"WebPage","@id":"https:\/\/www.u-picardie.fr\/e-sense-a2u\/en\/1er-thematic-workshop-sustainable-transformation\/","url":"https:\/\/www.u-picardie.fr\/e-sense-a2u\/en\/1er-thematic-workshop-sustainable-transformation\/","name":"1er Thematic Workshop \u201cSustainable Transformation\u201d : - esense","isPartOf":{"@id":"https:\/\/www.u-picardie.fr\/e-sense-a2u\/#website"},"primaryImageOfPage":{"@id":"https:\/\/www.u-picardie.fr\/e-sense-a2u\/en\/1er-thematic-workshop-sustainable-transformation\/#primaryimage"},"image":{"@id":"https:\/\/www.u-picardie.fr\/e-sense-a2u\/en\/1er-thematic-workshop-sustainable-transformation\/#primaryimage"},"thumbnailUrl":"https:\/\/www.u-picardie.fr\/e-sense-a2u\/wp-content\/uploads\/2026\/02\/atelier-transformation-durable-scaled.jpg","datePublished":"2026-05-26T09:45:37+00:00","dateModified":"2026-06-19T09:45:56+00:00","author":{"@id":"https:\/\/www.u-picardie.fr\/e-sense-a2u\/#\/schema\/person\/2a614d80fbc58d874bfc7bf9b5e4dc21"},"breadcrumb":{"@id":"https:\/\/www.u-picardie.fr\/e-sense-a2u\/en\/1er-thematic-workshop-sustainable-transformation\/#breadcrumb"},"inLanguage":"fr-FR","potentialAction":[{"@type":"ReadAction","target":["https:\/\/www.u-picardie.fr\/e-sense-a2u\/en\/1er-thematic-workshop-sustainable-transformation\/"]}]},{"@type":"ImageObject","inLanguage":"fr-FR","@id":"https:\/\/www.u-picardie.fr\/e-sense-a2u\/en\/1er-thematic-workshop-sustainable-transformation\/#primaryimage","url":"https:\/\/www.u-picardie.fr\/e-sense-a2u\/wp-content\/uploads\/2026\/02\/atelier-transformation-durable-scaled.jpg","contentUrl":"https:\/\/www.u-picardie.fr\/e-sense-a2u\/wp-content\/uploads\/2026\/02\/atelier-transformation-durable-scaled.jpg","width":2560,"height":1707,"caption":"Logo Transformation durable et indication de l'atelier"},{"@type":"BreadcrumbList","@id":"https:\/\/www.u-picardie.fr\/e-sense-a2u\/en\/1er-thematic-workshop-sustainable-transformation\/#breadcrumb","itemListElement":[{"@type":"ListItem","position":1,"name":"Accueil","item":"https:\/\/www.u-picardie.fr\/e-sense-a2u\/"},{"@type":"ListItem","position":2,"name":"1er Thematic Workshop \u201cSustainable Transformation\u201d :"}]},{"@type":"WebSite","@id":"https:\/\/www.u-picardie.fr\/e-sense-a2u\/#website","url":"https:\/\/www.u-picardie.fr\/e-sense-a2u\/","name":"esense","description":"","potentialAction":[{"@type":"SearchAction","target":{"@type":"EntryPoint","urlTemplate":"https:\/\/www.u-picardie.fr\/e-sense-a2u\/?s={search_term_string}"},"query-input":{"@type":"PropertyValueSpecification","valueRequired":true,"valueName":"search_term_string"}}],"inLanguage":"fr-FR"},{"@type":"Person","@id":"https:\/\/www.u-picardie.fr\/e-sense-a2u\/#\/schema\/person\/2a614d80fbc58d874bfc7bf9b5e4dc21","name":"alexis.danzel","image":{"@type":"ImageObject","inLanguage":"fr-FR","@id":"https:\/\/secure.gravatar.com\/avatar\/ae82ec0f0288b3542bd7e38646a436f38d1f63a65ef21d7c9e6868d705e8005c?s=96&d=mm&r=g","url":"https:\/\/secure.gravatar.com\/avatar\/ae82ec0f0288b3542bd7e38646a436f38d1f63a65ef21d7c9e6868d705e8005c?s=96&d=mm&r=g","contentUrl":"https:\/\/secure.gravatar.com\/avatar\/ae82ec0f0288b3542bd7e38646a436f38d1f63a65ef21d7c9e6868d705e8005c?s=96&d=mm&r=g","caption":"alexis.danzel"},"url":"https:\/\/www.u-picardie.fr\/e-sense-a2u\/author\/alexis-danzel\/"}]}},"_links":{"self":[{"href":"https:\/\/www.u-picardie.fr\/e-sense-a2u\/wp-json\/wp\/v2\/posts\/1092","targetHints":{"allow":["GET"]}}],"collection":[{"href":"https:\/\/www.u-picardie.fr\/e-sense-a2u\/wp-json\/wp\/v2\/posts"}],"about":[{"href":"https:\/\/www.u-picardie.fr\/e-sense-a2u\/wp-json\/wp\/v2\/types\/post"}],"author":[{"embeddable":true,"href":"https:\/\/www.u-picardie.fr\/e-sense-a2u\/wp-json\/wp\/v2\/users\/3"}],"replies":[{"embeddable":true,"href":"https:\/\/www.u-picardie.fr\/e-sense-a2u\/wp-json\/wp\/v2\/comments?post=1092"}],"version-history":[{"count":1,"href":"https:\/\/www.u-picardie.fr\/e-sense-a2u\/wp-json\/wp\/v2\/posts\/1092\/revisions"}],"predecessor-version":[{"id":1093,"href":"https:\/\/www.u-picardie.fr\/e-sense-a2u\/wp-json\/wp\/v2\/posts\/1092\/revisions\/1093"}],"wp:featuredmedia":[{"embeddable":true,"href":"https:\/\/www.u-picardie.fr\/e-sense-a2u\/wp-json\/wp\/v2\/media\/707"}],"wp:attachment":[{"href":"https:\/\/www.u-picardie.fr\/e-sense-a2u\/wp-json\/wp\/v2\/media?parent=1092"}],"wp:term":[{"taxonomy":"category","embeddable":true,"href":"https:\/\/www.u-picardie.fr\/e-sense-a2u\/wp-json\/wp\/v2\/categories?post=1092"},{"taxonomy":"post_tag","embeddable":true,"href":"https:\/\/www.u-picardie.fr\/e-sense-a2u\/wp-json\/wp\/v2\/tags?post=1092"}],"curies":[{"name":"wp","href":"https:\/\/api.w.org\/{rel}","templated":true}]}}