{"id":70,"date":"2021-12-08T17:23:24","date_gmt":"2021-12-08T16:23:24","guid":{"rendered":"https:\/\/www.u-picardie.fr\/crae\/?p=70"},"modified":"2022-09-15T18:44:21","modified_gmt":"2022-09-15T16:44:21","slug":"christophe-bident","status":"publish","type":"post","link":"https:\/\/www.u-picardie.fr\/crae\/christophe-bident\/","title":{"rendered":"Bident, Christophe"},"content":{"rendered":"\n<p>Christophe Bident est professeur d\u2019\u00e9tudes th\u00e9\u00e2trales et Vice-Pr\u00e9sident du Conseil Acad\u00e9mique de l\u2019Universit\u00e9 de Picardie Jules Verne. Ses recherches se situent au confluent de la litt\u00e9rature, du th\u00e9\u00e2tre et de la philosophie. Il est notamment l\u2019auteur d\u2019ouvrages sur Maurice Blanchot (<em>Partenaire invisible,<\/em> Champ Vallon, 1998 ; <em>La Vie vers\u00e9e dans les r\u00e9cits<\/em>, Furor, 2021) et Bernard-Marie Kolt\u00e8s (<em>G\u00e9n\u00e9alogies<\/em>, farrago, 2000,\u00a0<a href=\"http:\/\/publie.net\/\">publie.net<\/a>, 2014 et <em>Kolt\u00e8s, le sens du monde <\/em>aux\u00a0Solitaires Intempestifs, 2014). Il a \u00e9galement publi\u00e9<em>\u00a0Le Geste th\u00e9\u00e2tral de Roland Barthes<\/em> (Hermann, 2012). Il a \u00e9t\u00e9 critique th\u00e9\u00e2tral au <em>Magazine litt\u00e9raire<\/em> de 2010 \u00e0 2020.\u2019<\/p>\n\n\n\n<p><a href=\"https:\/\/www.u-picardie.fr\/crae\/wp-content\/uploads\/2022\/03\/enligne_BIDENT_CV-CHRISTOPHE-BIDENT-CRAE.pdf\" data-type=\"URL\" data-id=\"https:\/\/www.u-picardie.fr\/crae\/wp-content\/uploads\/2022\/03\/enligne_BIDENT_CV-CHRISTOPHE-BIDENT-CRAE.pdf\" target=\"_blank\" rel=\"noreferrer noopener\">Cliquez ici pour acc\u00e9der au curriculum vitae<\/a><\/p>\n\n\n\n<p>Photo \u00a9 Ilaf Haidar<\/p>\n","protected":false},"excerpt":{"rendered":"Christophe Bident est professeur d\u2019\u00e9tudes th\u00e9\u00e2trales et Vice-Pr\u00e9sident du Conseil Acad\u00e9mique de l\u2019Universit\u00e9 de Picardie Jules Verne. Ses recherches se situent au confluent de la litt\u00e9rature, du th\u00e9\u00e2tre et de la philosophie.","protected":false},"author":8,"featured_media":121,"comment_status":"closed","ping_status":"closed","sticky":false,"template":"","format":"standard","meta":{"_EventAllDay":false,"_EventTimezone":"","_EventStartDate":"","_EventEndDate":"","_EventStartDateUTC":"","_EventEndDateUTC":"","_EventShowMap":false,"_EventShowMapLink":false,"_EventURL":"","_EventCost":"","_EventCostDescription":"","_EventCurrencySymbol":"","_EventCurrencyCode":"","_EventCurrencyPosition":"","_EventDateTimeSeparator":"","_EventTimeRangeSeparator":"","_EventOrganizerID":[],"_EventVenueID":[],"_OrganizerEmail":"","_OrganizerPhone":"","_OrganizerWebsite":"","_VenueAddress":"","_VenueCity":"","_VenueCountry":"","_VenueProvince":"","_VenueState":"","_VenueZip":"","_VenuePhone":"","_VenueURL":"","_VenueStateProvince":"","_VenueLat":"","_VenueLng":"","_VenueShowMap":false,"_VenueShowMapLink":false,"footnotes":""},"categories":[10,3],"tags":[],"class_list":["post-70","post","type-post","status-publish","format-standard","has-post-thumbnail","hentry","category-membre-permanent","category-membre-crae"],"_links":{"self":[{"href":"https:\/\/www.u-picardie.fr\/crae\/wp-json\/wp\/v2\/posts\/70","targetHints":{"allow":["GET"]}}],"collection":[{"href":"https:\/\/www.u-picardie.fr\/crae\/wp-json\/wp\/v2\/posts"}],"about":[{"href":"https:\/\/www.u-picardie.fr\/crae\/wp-json\/wp\/v2\/types\/post"}],"author":[{"embeddable":true,"href":"https:\/\/www.u-picardie.fr\/crae\/wp-json\/wp\/v2\/users\/8"}],"replies":[{"embeddable":true,"href":"https:\/\/www.u-picardie.fr\/crae\/wp-json\/wp\/v2\/comments?post=70"}],"version-history":[{"count":13,"href":"https:\/\/www.u-picardie.fr\/crae\/wp-json\/wp\/v2\/posts\/70\/revisions"}],"predecessor-version":[{"id":987,"href":"https:\/\/www.u-picardie.fr\/crae\/wp-json\/wp\/v2\/posts\/70\/revisions\/987"}],"wp:featuredmedia":[{"embeddable":true,"href":"https:\/\/www.u-picardie.fr\/crae\/wp-json\/wp\/v2\/media\/121"}],"wp:attachment":[{"href":"https:\/\/www.u-picardie.fr\/crae\/wp-json\/wp\/v2\/media?parent=70"}],"wp:term":[{"taxonomy":"category","embeddable":true,"href":"https:\/\/www.u-picardie.fr\/crae\/wp-json\/wp\/v2\/categories?post=70"},{"taxonomy":"post_tag","embeddable":true,"href":"https:\/\/www.u-picardie.fr\/crae\/wp-json\/wp\/v2\/tags?post=70"}],"curies":[{"name":"wp","href":"https:\/\/api.w.org\/{rel}","templated":true}]}}