{"id":316,"date":"2022-02-14T10:52:26","date_gmt":"2022-02-14T09:52:26","guid":{"rendered":"https:\/\/www.u-picardie.fr\/crae\/?p=316"},"modified":"2023-10-16T21:21:21","modified_gmt":"2023-10-16T19:21:21","slug":"pierre-eugene","status":"publish","type":"post","link":"https:\/\/www.u-picardie.fr\/crae\/pierre-eugene\/","title":{"rendered":"Eug\u00e8ne, Pierre"},"content":{"rendered":"\n<p>Ma\u00eetre de conf\u00e9rences en \u00e9tudes cin\u00e9matographiques et Responsable des Licences Cin\u00e9ma. <\/p>\n\n\n\n<p>Ses champs de recherches couvrent la critique de cin\u00e9ma, l\u2019histoire des th\u00e9ories cin\u00e9matographiques, l\u2019analyse de film, les cin\u00e9matographies queer et po\u00e9tiques. <\/p>\n\n\n\n<p>Il est membre du comit\u00e9 des <em>Cahiers du cin\u00e9ma <\/em>et a \u00e9t\u00e9 entre 2018 et 2020 programmateur cin\u00e9ma du Festival de l\u2019histoire de l\u2019art de l\u2019INHA.<\/p>\n\n\n\n<p class=\"has-large-font-size\">Publications<\/p>\n\n\n\n<p><strong>Ouvrages<\/strong><\/p>\n\n\n\n<ul class=\"wp-block-list\">\n<li><strong>Femmes Femmes&nbsp;<em>de Paul Vecchiali<\/em>,<\/strong>&nbsp;Crisn\u00e9e, \u00c9d. Yellow Now, coll. c\u00f4t\u00e9 films (en cours d\u2019\u00e9criture).<\/li>\n<\/ul>\n\n\n\n<ul class=\"wp-block-list\">\n<li><strong><em>Serge Daney : \u00e9crits critiques 1962-1982. Exercices de relecture<\/em><\/strong><strong>,<\/strong>&nbsp;Paris, \u00c9ditions du Linteau, octobre 2023.<\/li>\n<\/ul>\n\n\n\n<ul class=\"wp-block-list\">\n<li><strong><em>Serge Daney and Queer cinephilia,<\/em><\/strong><em>&nbsp;Francfort,<\/em>&nbsp;Meson Press, \u00e0 para\u00eetre en novembre 2023. Codirig\u00e9 avec Kate Ince et Marc Siegel.<\/li>\n<\/ul>\n\n\n\n<ul class=\"wp-block-list\">\n<li><strong><em>Jean-Claude Biette. Appunti et contrappunti<\/em>,<\/strong>&nbsp;Grenoble, De l\u2019incidence \u00e9diteur, 2018. Codirig\u00e9 avec Herv\u00e9 Joubert-Laurencin et Philippe Fauvel.<\/li>\n<\/ul>\n\n\n\n<ul class=\"wp-block-list\">\n<li><strong>Collaboration aux<\/strong>&nbsp;<strong><em>\u00c9crits complets<\/em>&nbsp;d\u2019Andr\u00e9 Bazin<\/strong>, dirig\u00e9 par Herv\u00e9 Joubert-Laurencin, Paris, Macula, 2017.<\/li>\n<\/ul>\n\n\n\n<p><strong>Parties d\u2019ouvrages<\/strong><\/p>\n\n\n\n<ul class=\"wp-block-list\">\n<li><strong>\u00ab&nbsp;Noir cin\u00e9ma&nbsp;\u00bb<\/strong>&nbsp;in&nbsp;<em>Raoul Walsh en jeux&nbsp;<\/em>(Mathieu Macheret, dir.), Montreuil, \u00c9d. de L\u2019\u0153il, 2023, 191-204.&nbsp;<\/li>\n<\/ul>\n\n\n\n<ul class=\"wp-block-list\">\n<li><strong>\u00ab&nbsp;\u00c0 propos de&nbsp;<em>L\u2019Homme&nbsp;<\/em>bless\u00e9&nbsp;\u00bb<\/strong>&nbsp;in&nbsp;<em>Herv\u00e9 Guibert, l&rsquo;envers du visible&nbsp;<\/em>(Vincent Jacques, Claire Pag\u00e8s, dir.),<em>&nbsp;<\/em>Grane, Cr\u00e9aphis, 2022.&nbsp;<\/li>\n<\/ul>\n\n\n\n<ul class=\"wp-block-list\">\n<li><strong>\u00ab Entre fiction et documentaire : un \u201cjournal extime\u201d \u00bb<\/strong>&nbsp;in Journal intime&nbsp;<em>de Nanni Moretti. Voyages en archipel<\/em>, (Aurore Renaut, dir.), Paris, Le Bord de l\u2019eau, coll. Cin\u00e9focales, 2017, p.&nbsp;55-68.<\/li>\n<\/ul>\n\n\n\n<ul class=\"wp-block-list\">\n<li><strong>\u00ab Worldwide web \u00bb<\/strong>&nbsp;in&nbsp;<em>Jacques Tourneur<\/em>, Paris, Capricci, 2017, p. 176-183.<\/li>\n<\/ul>\n\n\n\n<ul class=\"wp-block-list\">\n<li><strong>Pr\u00e9face&nbsp;<\/strong>\u00e0&nbsp;<em>Serge Daney<\/em>, Paris, IMEC\/Artpress, coll. Les grands entretiens d\u2019Artpress, 2015, p. 5-12.<\/li>\n<\/ul>\n\n\n\n<ul class=\"wp-block-list\">\n<li><strong>\u00ab Le chant des seuils \u00bb<\/strong>&nbsp;in&nbsp;<em>Filmer dit-elle<\/em>, Paris, Capricci, 2013, p. 91-103.<\/li>\n<\/ul>\n\n\n\n<ul class=\"wp-block-list\">\n<li><strong>\u00ab La d\u00e9cote d\u2019Adam \u00bb<\/strong>&nbsp;in&nbsp;<em>Cukor ON\/OFF Hollywood<\/em>, Paris, Capricci, 2012, p. 62-76.<\/li>\n<\/ul>\n\n\n\n<ul class=\"wp-block-list\">\n<li><strong>\u00ab La critique comme d\u00e9figuration :&nbsp;<em>Toute marche myst\u00e9rieuse vers un destin (le cas Lovecraft<\/em>) (1999) de Patrick-Mario Bernard et Pierre Trividic \u00bb<\/strong>&nbsp;in Sylvain Dreyer et Dominique Vaugeois (dir), \u00ab La critique \u00e0 l\u2019\u00e9cran : filmer la litt\u00e9rature \u00bb, Villeneuve d\u2019Ascq, Presses universitaires du Septentrion, 2020.<\/li>\n<\/ul>\n\n\n\n<ul class=\"wp-block-list\">\n<li><strong>\u00ab Coups du cadre et balance des corps : l\u2019\u00e9thique contrari\u00e9e de van der Keuken chez Serge Daney \u00bb&nbsp;<\/strong>in Johan Van der Keuken. Documenter une pr\u00e9sence au monde, (Antony Fiant, Gilles Mou\u00ebllic, Caroline Z\u00e9au), Crisn\u00e9e, \u00e9d. Yellow Now, col. C\u00f4t\u00e9 cin\u00e9ma, 2019, p. 34-47.<\/li>\n<\/ul>\n\n\n\n<ul class=\"wp-block-list\">\n<li><strong>\u00ab Spectres du pass\u00e9 et fant\u00f4mes du permanent : Serge Daney revoit les films \u00bb<\/strong>&nbsp;in revue&nbsp;<em>Th\u00e9or\u00e8me<\/em>, \u00ab L\u2019\u00e9criture de l\u2019analyse de film \u00bb, \u00e0 para\u00eetre en 2019.<\/li>\n<\/ul>\n\n\n\n<ul class=\"wp-block-list\">\n<li><strong>\u00ab Serge Daney, le critique de cin\u00e9ma comme personnage \u00bb<\/strong>&nbsp;in&nbsp;<em>Le Texte critique. Exp\u00e9rimenter le th\u00e9\u00e2tre et le cin\u00e9ma au XXe et XXIe si\u00e8cle<\/em>, Tours, Presse Universitaires Fran\u00e7ois-Rabelais, coll. Iconotextes, 2013, p. 351-362.<\/li>\n<\/ul>\n\n\n\n<ul class=\"wp-block-list\">\n<li><strong>\u00ab La lettre d\u00e9vi\u00e9e \u00bb<\/strong>&nbsp;in revue&nbsp;<em>\u00c9pistolaire<\/em>&nbsp;n\u00b0 36 (revue de l\u2019A.I.R.E), 2010, p. 33-41.<\/li>\n<\/ul>\n\n\n\n<p><strong>Articles de revue<\/strong><\/p>\n\n\n\n<p>Membre du comit\u00e9 de r\u00e9daction des&nbsp;<em>Cahiers du cin\u00e9ma<\/em>&nbsp;depuis 2020 (liste des articles sur<a href=\"http:\/\/www.cineressources.net\"> cineressources.net<\/a>)<\/p>\n\n\n\n<ul class=\"wp-block-list\">\n<li><strong>\u00ab&nbsp;Bouclages&nbsp;\u00bb<\/strong>&nbsp;(pr\u00e9sentation de quatre textes de Serge Daney),&nbsp;<em>Trafic, l\u2019almanach du cin\u00e9ma<\/em>, n\u00b0 1, 2022.<\/li>\n<\/ul>\n\n\n\n<ul class=\"wp-block-list\">\n<li><strong>\u00ab&nbsp;Rivette envers Rohmer&nbsp;\u00bb,<\/strong>&nbsp;<em>Apaches<\/em>, n\u00b0&nbsp;2, 2021<\/li>\n<\/ul>\n\n\n\n<ul class=\"wp-block-list\">\n<li>&nbsp;<strong>\u00ab&nbsp;Un d\u00e9but dans la vie&nbsp;\u00bb,<\/strong>&nbsp;<em>Trafic,&nbsp;<\/em>n\u00b0 120, hiver 2021.&nbsp;<\/li>\n<\/ul>\n\n\n\n<ul class=\"wp-block-list\">\n<li><strong>\u00ab&nbsp;Vitesse instantan\u00e9e&nbsp;\u00bb,<\/strong>&nbsp;<em>Apaches<\/em>, n\u00b0&nbsp;1, 2020<\/li>\n<\/ul>\n\n\n\n<ul class=\"wp-block-list\">\n<li><strong>\u00ab Pynchon et ses lumi\u00e8res \u00bb,<\/strong>&nbsp;<em>Trafic<\/em>, n\u00b0 114, \u00e9t\u00e9 2020.<\/li>\n<\/ul>\n\n\n\n<ul class=\"wp-block-list\">\n<li><strong>\u00ab Former des fant\u00f4mes avec Jean Louis Schefer \u00bb<\/strong>,&nbsp;<em>Trafic<\/em>, n\u00b0 112, hiver 2019.<\/li>\n<\/ul>\n\n\n\n<ul class=\"wp-block-list\">\n<li><strong>\u00ab Psychopathologie de Rainer Werner Fassbinder \u00bb,&nbsp;<\/strong><em>Trafic<\/em>, n\u00b0 110, \u00e9t\u00e9 2019.<\/li>\n<\/ul>\n\n\n\n<ul class=\"wp-block-list\">\n<li><strong>\u00ab Vecchiali in vivo \u00bb<\/strong>,&nbsp;<em>Images de la Culture<\/em>, n\u00b0 31, 2017.<\/li>\n<\/ul>\n\n\n\n<ul class=\"wp-block-list\">\n<li><strong>\u00ab Demain la veille \u00bb<\/strong>,&nbsp;<em>Trafic<\/em>, n\u00b0 97, printemps 2016.<\/li>\n<\/ul>\n\n\n\n<ul class=\"wp-block-list\">\n<li><strong>\u00ab Le discours aux animaux \u00bb<\/strong>,&nbsp;<em>Artpress<\/em>, n\u00b0 425, septembre 2015.<\/li>\n<\/ul>\n\n\n\n<ul class=\"wp-block-list\">\n<li><strong>\u00ab&nbsp;<em>Mobilis in mobili<\/em>&nbsp;: l\u2019\u00e9motion de l\u2019histoire chez Serge Daney \u00bb<\/strong>,&nbsp;<em>Critique<\/em>, n\u00b0 814, mars 2015.<\/li>\n<\/ul>\n\n\n\n<ul class=\"wp-block-list\">\n<li><strong>\u00ab&nbsp;<em>Vincent n\u2019a pas d\u2019\u00e9cailles<\/em>. Mati\u00e8res de l\u2019image \u00bb<\/strong>,&nbsp;<em>Artpress<\/em>, n\u00b0 420, mars 2015.<\/li>\n<\/ul>\n\n\n\n<ul class=\"wp-block-list\">\n<li><strong>\u00ab Regarde, de tous tes yeux regarde \u00bb<\/strong>,&nbsp;<em>Trafic<\/em>, n\u00b0 85, printemps 2013.<\/li>\n<\/ul>\n\n\n\n<ul class=\"wp-block-list\">\n<li><strong>\u00ab Apparitions de Serge Daney \u00bb<\/strong>,&nbsp;<em>Trafic<\/em>&nbsp;n\u00b0 82, \u00e9t\u00e9 2012.<\/li>\n<\/ul>\n\n\n\n<ul class=\"wp-block-list\">\n<li><strong>\u00ab Pierre Reimer \u00bb<\/strong>,&nbsp;<em>Artpress<\/em>, n\u00b0 385, janvier 2012.<\/li>\n<\/ul>\n\n\n\n<ul class=\"wp-block-list\">\n<li><strong>\u00ab Une mobilit\u00e9 int\u00e9rieure (Stephen Dwoskin) \u00bb<\/strong>,&nbsp;<em>Images de la Culture<\/em>, n\u00b0 26, d\u00e9cembre 2011.<\/li>\n<\/ul>\n\n\n\n<ul class=\"wp-block-list\">\n<li><strong>\u00ab Godard chang\u00e9 en fleur \u00bb<\/strong><em>, Trafic<\/em>, n\u00b0 71, automne 2009.<\/li>\n\n\n\n<li><\/li>\n<\/ul>\n\n\n\n<p><strong>Recension d\u2019ouvrages<\/strong><\/p>\n\n\n\n<ul class=\"wp-block-list\">\n<li><strong>\u00ab Rohmer \u00e0 revers \u00bb,<\/strong>&nbsp;<em>Artpress<\/em>&nbsp;n\u00b0408, f\u00e9vrier 2014. Sur Antoine de Baecque et No\u00ebl Herpe,&nbsp;<em>\u00c9ric Rohmer<\/em>, Paris, Stock, 2014.&nbsp;<\/li>\n<\/ul>\n\n\n\n<ul class=\"wp-block-list\">\n<li><strong>&nbsp;\u00ab Labile ent\u00eate \u00bb,<\/strong>&nbsp;<em>Artpress<\/em>&nbsp;n\u00b0403, septembre 2013. Sur Pierre L\u00e9on,&nbsp;<em>Jean-Claude Biette, le sens du paradoxe<\/em>, Paris, Capricci, 2013<\/li>\n<\/ul>\n\n\n\n<ul class=\"wp-block-list\">\n<li>&nbsp;<strong>\u00ab Christophe Hanna, l\u2019\u00e9crivain public&nbsp;<\/strong>\u00bb,&nbsp;<em>Artpress<\/em>&nbsp;n\u00b0 392, septembre 2012. Sur La r\u00e9daction,&nbsp;<em>Les Berthier, portrait statistique,<\/em>&nbsp;Paris, Questions th\u00e9oriques, coll. R\u00e9alit\u00e9s non couvertes, 2012.<\/li>\n<\/ul>\n\n\n\n<ul class=\"wp-block-list\">\n<li>Serge Daney,&nbsp;<em>La Maison cin\u00e9ma et le monde,<\/em>&nbsp;t. 3, Paris, P.O.L, 2012<\/li>\n\n\n\n<li>&#8211; <strong>\u00ab Serge Daney le voyeux \u00bb,<\/strong>&nbsp;<em>Artpress<\/em>&nbsp;n\u00b0 391, juillet-ao\u00fbt 2012.<\/li>\n<\/ul>\n\n\n\n<ul class=\"wp-block-list\">\n<li>&#8211; <strong>\u00ab Daney en ann\u00e9es Lib\u00e9 \u00bb,<\/strong>&nbsp;<em>Lib\u00e9ration<\/em>, 11 juillet 2012<\/li>\n<\/ul>\n\n\n\n<p><strong>Autres textes<\/strong><\/p>\n\n\n\n<ul class=\"wp-block-list\">\n<li><strong>Texte pour le programme des \u00ab Journ\u00e9es cin\u00e9matographiques dyonisiennes \u00bb<\/strong>&nbsp;(Cin\u00e9ma l\u2019\u00c9cran, Saint-Denis) \u00e9ditions 2017, 2018, 2021.<\/li>\n<\/ul>\n\n\n\n<ul class=\"wp-block-list\">\n<li><strong>Texte de pr\u00e9sentation de l\u2019exposition \u00ab Pierre Reimer \u00bb.<\/strong>&nbsp;Maison europ\u00e9enne de la photographie (Paris), 9 septembre \u2013 31 octobre 2015<\/li>\n\n\n\n<li><\/li>\n<\/ul>\n\n\n\n<p class=\"has-large-font-size\">\u00c9v\u00e9nements scientifiques<\/p>\n\n\n\n<p class=\"has-medium-font-size\"><strong>Organisation<\/strong><\/p>\n\n\n\n<p class=\"has-medium-font-size\"><strong>Colloques<\/strong><\/p>\n\n\n\n<ul class=\"wp-block-list\">\n<li><strong>\u00ab&nbsp;Zigzaguer&nbsp;\/ po\u00e9sie &amp; cin\u00e9ma&nbsp;\u00bb.<\/strong>&nbsp;Coorganis\u00e9 avec Sally Bonn (UPJV), Vincent Broqua (Univ. Paris 9 Vincennes-Saint Denis) et Philippe Fauvel (UPJV), \u00e0 Amiens, Paris et Marseille, 13-15 et 22-24 novembre 2023, 28-30 mars 2024. Programme sur&nbsp;<a href=\"http:\/\/zigzaguer.com\/\">zigzaguer.com<\/a><\/li>\n<\/ul>\n\n\n\n<ul class=\"wp-block-list\">\n<li><strong>\u00ab&nbsp;Serge Daney, mot \u00e0 mot&nbsp;\u00bb.<\/strong>&nbsp;Coorganis\u00e9 avec Vincent Jacques Vincent Jacques (ENSA Versailles, CIPh) \u00e0 l\u2019INHA (Paris), 30-31 mai 2022.<br><\/li>\n\n\n\n<li><strong>\u00ab&nbsp;Changer, \u00e9changer : Serge Daney au milieu du gu\u00e9&nbsp;\u00bb.<\/strong>&nbsp;Paris, INHA, 27-28 septembre 2018. Colloque international, organisation du premier \u00e9v\u00e9nement sur les trois pr\u00e9vus au sein du projet \u00ab Serge Daney and queer cinephilia \u00bb, coorganis\u00e9 avec Kate Ince (Universit\u00e9 de Birmingham) et Marc Siegel (Johannes Gutenberg-Universit\u00e9 de Mayence).<\/li>\n<\/ul>\n\n\n\n<ul class=\"wp-block-list\">\n<li><strong>\u00ab&nbsp;Serge Daney, dans le texte&nbsp;\u00bb<\/strong><strong>.&nbsp;<\/strong><em>Li\u00e8ge (Belgique), 28-29 septembre 2017<\/em>. Colloque international coorganis\u00e9 \u00e0 l\u2019Universit\u00e9 de Li\u00e8ge avec Claire Allouche (ENS Ulm) et Igor Krtolica (Universit\u00e9 de Li\u00e8ge).&nbsp;<em>Communication lors du colloque<\/em>&nbsp;: \u00ab La courbure z\u00e9ro \u00bb (\u00e0 propos du texte : \u00ab Le th\u00e9\u00e2tre des entr\u00e9es \u00bb,<em>&nbsp;Cahiers du cin\u00e9ma<\/em>, n\u00b0 sp\u00e9cial Ford, 1990)<\/li>\n<\/ul>\n\n\n\n<ul class=\"wp-block-list\">\n<li><strong>\u00ab&nbsp;Traverser Bazin<\/strong><strong>&nbsp;\u00bb<\/strong>&nbsp;<em>Paris, 17-19 septembre 2015<\/em>. Colloque international coorganis\u00e9 \u00e0 l\u2019INHA (Paris) avec Herv\u00e9 Joubert-Laurencin et Anne Sauvagnargues (Universit\u00e9 Paris-Nanterre, Labex Arts H2H). Cl\u00f4ture du programme de trois ans \u00ab Traverser Bazin : \u00e9crits suscit\u00e9s par le cin\u00e9ma \u00bb, port\u00e9 par Herv\u00e9 Joubert-Laurencin au sein du Labex Arts H2H.&nbsp;<em>Communication lors du colloque<\/em>&nbsp;: \u00ab La surparole (Serge Daney, singularit\u00e9s de la critique) \u00bb<\/li>\n<\/ul>\n\n\n\n<p><strong>Journ\u00e9es d\u2019\u00e9tudes<\/strong><\/p>\n\n\n\n<ul class=\"wp-block-list\">\n<li><strong>\u00ab&nbsp;De l\u2019\u00e9crivain Jean-Claude Biette : uccellino, cin\u00e9aste, po\u00e8te&nbsp;\u00bb,<\/strong>&nbsp;<em>Paris, 22 juin 2013 et Amiens, 27 mars 2014<\/em>. Deux journ\u00e9es d\u2019\u00e9tudes \u00e0 l\u2019Universit\u00e9 Paris X Nanterre, l\u2019INHA (Paris), et l\u2019Universit\u00e9 de Picardie Jules Verne coorganis\u00e9es avec Herv\u00e9 Joubert-Laurencin (Universit\u00e9 Paris-Nanterre) et Philippe Fauvel (Universit\u00e9 de Picardie Jules Verne). Ces journ\u00e9es ont fait partie du programme \u00ab Traverser Bazin : \u00e9crits suscit\u00e9s par le cin\u00e9ma \u00bb port\u00e9 par Herv\u00e9 Joubert-Laurencin au sein du Labex Arts H2H.&nbsp;Actes publi\u00e9s&nbsp;:&nbsp;<em>Jean-Claude Biette. Appunti et contrappunti<\/em>&nbsp;(voir&nbsp;<em>infra<\/em>).&nbsp;<em>Communication lors du colloque<\/em>&nbsp;: \u00ab Biette et Daney, des mati\u00e8res m\u00e9t\u00e9oriques \u00bb<\/li>\n<\/ul>\n\n\n\n<p class=\"has-medium-font-size\"><strong>Communications<\/strong><\/p>\n\n\n\n<p><strong>Colloques<\/strong><\/p>\n\n\n\n<ul class=\"wp-block-list\">\n<li><strong>\u00ab Serge Daney sur les ondes : solitude du temps de parole&nbsp;\u00bb<\/strong>, <em>Caen, 2-3 octobre 2023<\/em>. Colloque \u00ab Th\u00e9orie et critique du cin\u00e9ma en situation m\u00e9diatique en France, depuis la Seconde Guerre mondiale&nbsp;\u00bb, coorganis\u00e9 par Val\u00e9rie Vignaux et Puchenkina (Universit\u00e9 de Caen). <\/li>\n<\/ul>\n\n\n\n<ul class=\"wp-block-list\">\n<li><strong>\u00ab&nbsp;Les grands-fonds d\u2019Alain Resnais&nbsp;<\/strong>\u00bb.&nbsp;Colloque international \u00ab&nbsp;Cin\u00e9ma et arch\u00e9ologie&nbsp;\u00bb, coorganis\u00e9 par Anne-Violaine Houcke (universit\u00e9 Paris Nanterre), Dominique de Font-R\u00e9aulx (mus\u00e9e du Louvre Philippe Jockey (universit\u00e9 Paris Nanterre), R\u00e9mi Labrusse (EHESS), Barbara Le Ma\u00eetre (universit\u00e9 Paris Nanterre), Pascale Raynaud (mus\u00e9e du Louvre), Paris, Mus\u00e9e du Louvre, 11-13 mai 2023.<\/li>\n<\/ul>\n\n\n\n<ul class=\"wp-block-list\">\n<li><strong>\u00ab&nbsp;Les&nbsp;<em>Cahiers du cin\u00e9ma<\/em>&nbsp;face \u00e0 Pasolini, diff\u00e9rences et embarras&nbsp;\u00bb.&nbsp;<\/strong>Colloque international \u00ab&nbsp;Pasolini et la France&nbsp;\u00bb, coorganis\u00e9 par Anne-Violaine Houcke et Herv\u00e9 Joubert-Laurencin (HAR\/ Universit\u00e9 Paris Nanterre), Nanterre et Villa M\u00e9dicis (Rome), 1-2 d\u00e9cembre et 12-13 d\u00e9cembre 2022.<\/li>\n<\/ul>\n\n\n\n<ul class=\"wp-block-list\">\n<li><strong>\u00ab&nbsp;Roland Barthes devant la photographie : la division du d\u00e9sir&nbsp;\u00bb.<\/strong>&nbsp;Colloque international \u00ab&nbsp;Roland Barthes et la question homosexuelle&nbsp;\u00bb, coorganis\u00e9 par&nbsp;Bruno Blanckeman, Claude Coste, Marie Gil, \u00c9ric Marty (CY Cergy Paris Seine, Universit\u00e9 de Paris (Cerilac), de la Sorbonne Nouvelle Paris 3 (Thalim) et l\u2019Item-CNRS), Paris, 7-8 octobre 2022.<\/li>\n<\/ul>\n\n\n\n<ul class=\"wp-block-list\">\n<li><strong>&nbsp;\u00ab&nbsp;Serge Daney, l\u2019invention d\u2019une critique mat\u00e9rialiste apr\u00e8s les le\u00e7ons du mao\u00efsme&nbsp;\u00bb<\/strong>. Colloque international&nbsp;<strong>\u00ab<\/strong>Critique du cin\u00e9ma : cin\u00e9ma et marxisme. Pens\u00e9es, formes et engagements&nbsp;\u00bb, coorganis\u00e9 par&nbsp;&nbsp;Val\u00e9rie Vignaux (Universit\u00e9 de Caen) et S\u00e9bastien Layerle (Universit\u00e9 Sorbonne Nouvelle), Universit\u00e9 de Caen, 4-6 avril 2022.<\/li>\n<\/ul>\n\n\n\n<ul class=\"wp-block-list\">\n<li>&nbsp;<strong>\u00ab&nbsp;Werner Schroeter et l\u2019interpr\u00e9tation des ruines&nbsp;\u00bb,&nbsp;<\/strong>colloque international \u00ab&nbsp;Po\u00e9tique et politique de la ruine au cin\u00e9ma et au th\u00e9\u00e2tre&nbsp;\u00bb, coorganis\u00e9 par Anne-Violaine Houcke (HAR, Universit\u00e9 Paris Nanterre) et Estelle Baudou (University of Oxford), Universit\u00e9 Paris-Nanterre et Universit\u00e9 d\u2019Oxford (en ligne), 2 avril 2021 et 22 novembre 2021.<\/li>\n<\/ul>\n\n\n\n<ul class=\"wp-block-list\">\n<li><strong>&nbsp;\u00ab&nbsp;Le site des&nbsp;<em>Cahiers du cin\u00e9ma<\/em>, espace de cr\u00e9ation et d\u2019\u00e9change&nbsp;\u00bb.&nbsp;<\/strong>Colloque international \u00ab&nbsp;La critique culturelle sur le web : espaces, discours, valeurs&nbsp;\u00bb, organis\u00e9 par Julie Anselmini , Marianne Bouchardon, Val\u00e9rie Vignaux (Universit\u00e9s de Caen et de Rouen, LASLAR \/ EA4256), Universit\u00e9s de Caen et de Rouen, 24-25 juin 2021.<\/li>\n<\/ul>\n\n\n\n<ul class=\"wp-block-list\">\n<li>&nbsp;<strong>\u00ab&nbsp;Serge Daney and queer cinephilia&nbsp;\u00bb,<\/strong>&nbsp;panel pr\u00e9sent\u00e9 avec Kate Ince (Universit\u00e9 de Birmingham, Royaume-Uni) et Marc Siegel (Universit\u00e9 de Mayence, Allemagne),&nbsp;&nbsp;au congr\u00e8s international NECS2020, 7-13 juin 2021 (en ligne).<\/li>\n<\/ul>\n\n\n\n<ul class=\"wp-block-list\">\n<li><strong>\u00ab&nbsp;Serge Daney from 1968 to 1972: in and out of the&nbsp;<em>Cahiers du cin\u00e9ma&nbsp;\u00bb<\/em><\/strong><em>&nbsp;(en anglais).&nbsp;<\/em><em>Francfort-sur-le-Main, Allemagne, 28-30 novembre 2019<\/em>. Colloque international autour des&nbsp;<em>Cahiers du cin\u00e9ma<\/em>&nbsp;dans l\u2019imm\u00e9diat apr\u00e8s-1968, coorganis\u00e9 par Vinzenz Hediger et Daniel Fairfax (Goethe-Universit\u00e4t)<strong>.<\/strong><\/li>\n<\/ul>\n\n\n\n<ul class=\"wp-block-list\">\n<li><strong><em>\u00ab&nbsp;Le cas Lovecraft<\/em><\/strong><strong>, de Mario Bernard et Pierre Trividic<\/strong><strong>&nbsp;\u00bb<\/strong>&nbsp;<em>Pau, 28-29 mars 2019<\/em>. Colloque international \u00ab La critique \u00e0 l\u2019\u00e9cran (2<sup>e<\/sup>&nbsp;\u00e9dition) : filmer la litt\u00e9rature \u00bb, coorganis\u00e9 par Sylvain Dreyer et Dominique Vaugeois (Universit\u00e9 de Pau et des pays de l\u2019Adour)<strong>.<\/strong><em>&nbsp;Communication au sein d\u2019une table ronde avec Selina Follonier (Universit\u00e9 de Lausanne) et Philippe de Vita (Universit\u00e9 d\u2019Orl\u00e9ans), consacr\u00e9e \u00e0 la s\u00e9rie d\u2019\u00e9missions \u00ab Un si\u00e8cle d\u2019\u00e9crivains \u00bb.<\/em><\/li>\n<\/ul>\n\n\n\n<ul class=\"wp-block-list\">\n<li><strong>\u00ab&nbsp;Serge Daney and Homosexuality: A Matter of Smuggling&nbsp;\u00bb<\/strong>&nbsp;<em>(en anglais)<\/em>.&nbsp;<em>Mayence<\/em>, Allemagne (Johannes Gutenberg-Universit\u00e4t Mainz)<em>, 25 janvier 2019<\/em>. Communication lors du second volet du projet \u00ab Serge Daney and queer cinephilia \u00bb (voir&nbsp;<em>supra<\/em>), coorganis\u00e9 avec Kate Ince (Universit\u00e9 de Birmingham) et Marc Siegel (Johannes Gutenberg-Universit\u00e4t Mainz).<\/li>\n<\/ul>\n\n\n\n<ul class=\"wp-block-list\">\n<li><strong>\u00ab\u00a0Andr\u00e9 Bazin et Jean-Claude Biette : le cin\u00e9ma comme paradoxe naturel\u00a0\u00bb\u00a0<\/strong><em>Paris<\/em>\u00a0(ENS Ulm, INHA et Cin\u00e9math\u00e8que Fran\u00e7aise)<em>, 13-15 d\u00e9cembre 2018<\/em>. Colloque international<\/li>\n<\/ul>\n\n\n\n<ul class=\"wp-block-list\">\n<li><strong>\u00ab&nbsp;Andr\u00e9 Bazin, et Apr\u00e8s ? Rencontres Internationales sur la cin\u00e9philie et la critique d&rsquo;hier \u00e0 aujourd&rsquo;hui \u00bb<\/strong>, coorganis\u00e9 par Antoine de Baecque (ENS Ulm), Marc Cerisuelo (Paris Est), Herv\u00e9 Joubert-Laurencin (Paris-Nanterre) et C\u00e9cile Sorin (Universit\u00e9 Paris 8 Vincennes-Saint Denis).<\/li>\n<\/ul>\n\n\n\n<ul class=\"wp-block-list\">\n<li><strong>\u00ab&nbsp;Coups du cadre et balance des corps : l\u2019\u00e9thique contrari\u00e9e de van der Keuken chez Serge Daney&nbsp;\u00bb<\/strong>&nbsp;<em>Rennes, 28-30 mars 2018<\/em>. Colloque international \u00ab Documenter une pr\u00e9sence au monde : le cin\u00e9ma de Johan van der Keuken \u00bb, coorganis\u00e9 par Arnaud Duprat, Anthony Fiant, Gilles Mouellic, Vanessa Nicolazic (Universit\u00e9 Rennes 2).&nbsp;Publication des actes :&nbsp;<em>Johan Van der Keuken. Documenter une pr\u00e9sence au monde<\/em>&nbsp;(voir&nbsp;<em>\u00c9crits<\/em>).<\/li>\n<\/ul>\n\n\n\n<ul class=\"wp-block-list\">\n<li><strong>\u00ab&nbsp;Un sommet de terre \u00e0 terre : la politique des hauteurs de Luc Moullet&nbsp;\u00bb.<\/strong>&nbsp;<em>Grenoble, 23-24 octobre et Amiens, 4-5 d\u00e9cembre 2017<\/em>. Colloque international \u00ab Des plateaux aux sommets. Le cin\u00e9ma en relief \u00bb, coorganis\u00e9 par Guillaume Bourgois, Fabienne Costa et Pierre Jailloux, (Universit\u00e9 Grenoble Alpes), S\u00e9bastien Denis et Philippe Fauvel (Universit\u00e9 de Picardie Jules Verne).<\/li>\n<\/ul>\n\n\n\n<ul class=\"wp-block-list\">\n<li><strong>\u00ab&nbsp;Spectres du pass\u00e9 et fant\u00f4mes du permanent : Serge Daney revoit les films&nbsp;\u00bb.<\/strong>&nbsp;<em>Amiens et Paris, 12-15 octobre 2016<\/em>. Colloque international \u00ab Dans le vif de l\u2019analyse de film \u00bb, coorganis\u00e9 par Fabienne Costa et Natacha Thier\u00fd&nbsp;(Universit\u00e9 Picardie Jules Verne), T\u00e9r\u00e9sa Faucon<a><\/a>&nbsp;(Universit\u00e9 Paris 3), Barbara Le Ma\u00eetre (Universit\u00e9 Paris-Nanterre), Jessie Martin (Universit\u00e9 de Lille), Corinne Maury (Universit\u00e9 Toulouse Jean-Jaur\u00e8s).<\/li>\n<\/ul>\n\n\n\n<ul class=\"wp-block-list\">\n<li><strong>\u00ab&nbsp;Louis Skorecki, chef des cin\u00e9philes&nbsp;\u00bb<\/strong>&nbsp;(avec Philippe Fauvel).&nbsp;<em>Saint-Denis, 24-25 septembre 2015<\/em>. Colloque \u00ab Critique et cr\u00e9ation cin\u00e9matographique. Passages, transmissions, fronti\u00e8res \u00bb, coorganis\u00e9 par No\u00ebl Herpe, Fr\u00e9d\u00e9ric Sabouraud, C\u00e9cile Sorin et Eug\u00e9nie Zvonkine (Labex Arts H2H, Universit\u00e9 Paris 8).<\/li>\n<\/ul>\n\n\n\n<ul class=\"wp-block-list\">\n<li><strong>\u00ab&nbsp;L\u00e9guer une figure : le testament critique de Serge Daney&nbsp;\u00bb.<\/strong>&nbsp;<em>Tours<\/em>,&nbsp;<em>21 octobre 2011<\/em>. Colloque \u00ab Pour une didactique du cin\u00e9ma \u00bb, coorganis\u00e9 par Val\u00e9rie Vignaux et Philippe Bourdier (Universit\u00e9 de Tours).<\/li>\n<\/ul>\n\n\n\n<ul class=\"wp-block-list\">\n<li><strong>\u00ab&nbsp;Serge Daney, la critique de cin\u00e9ma et le personnage&nbsp;<\/strong>\u00bb&nbsp;<em>Tours, 24-26 novembre 2010<\/em>. Colloque international \u00ab Le texte critique : exp\u00e9rimenter le th\u00e9\u00e2tre et le cin\u00e9ma aux XX<sup>e<\/sup>&nbsp;&#8211; XXI<sup>e<\/sup>&nbsp;si\u00e8cles \u00bb, coorganis\u00e9 par Val\u00e9rie Vignaux et Marion Ch\u00e9netier (Universit\u00e9 de Tours).&nbsp;Publication des actes :&nbsp;<em>Le Texte critique. Exp\u00e9rimenter le th\u00e9\u00e2tre et le cin\u00e9ma au XX<\/em><em><sup>e<\/sup><\/em><em>&nbsp;et XXI<\/em><em><sup>e<\/sup><\/em><em>&nbsp;si\u00e8cle<\/em>&nbsp;(voir&nbsp;<em>infra<\/em>).<\/li>\n<\/ul>\n\n\n\n<ul class=\"wp-block-list\">\n<li><strong>\u00ab\u00a0La lettre d\u00e9vi\u00e9e (\u00e0 propos de\u00a0<em>La Lettre<\/em>\u00a0de Manoel de Oliveira)\u00a0\u00bb<\/strong>\u00a0<em>Paris, 26-27 mars 2010<\/em>. Colloque \u00ab La Lettre au cin\u00e9ma \u00bb, coorganis\u00e9 par Tanguy Bizien, Marc Buffat et Roselyne Qu\u00e9m\u00e9ner (Universit\u00e9 Paris 1). Publication des actes dans la revue\u00a0<em>\u00c9pistolaire,<\/em>\u00a0n\u00b0 36 (voir\u00a0<em>infra)<\/em>.<\/li>\n<\/ul>\n\n\n\n<p><strong>Journ\u00e9es d\u2019\u00e9tudes<\/strong><\/p>\n\n\n\n<p><\/p>\n\n\n\n<ul class=\"wp-block-list\">\n<li><strong>\u00ab&nbsp;Guy Hennebelle et les&nbsp;<em>Cahiers du cin\u00e9ma<\/em>, un d\u00e9samour durable ?<\/strong>&nbsp;\u00bb&nbsp;<em>Paris, 5 et 6 mai 2020<\/em>. Journ\u00e9e d\u2019\u00e9tude \u00ab Guy Hennebelle : critique, cin\u00e9ma, politique \u00bb, coorganis\u00e9e par Sylvain Dreyer (ALTER, Universit\u00e9 de Pau et des Pays de l\u2019Adour) et S\u00e9bastien Layerle (IRCAV, Universit\u00e9 Sorbonne Nouvelle \u2013 Paris 3).<\/li>\n<\/ul>\n\n\n\n<ul class=\"wp-block-list\">\n<li><strong>\u00ab&nbsp;Petit inventaire typographique et graphologique de Jean-Luc Godard \/ Godard, machine \u00e0 \u00e9crire&nbsp;\u00bb.<\/strong>&nbsp;<em>Caen, 14-15 f\u00e9vrier 2020<\/em>. Premi\u00e8re journ\u00e9e d\u2019\u00e9tude sur deux : \u00ab&nbsp;<em>Jean-Luc Godard \u00e0 la lettre<\/em>&nbsp;\u00bb, organis\u00e9e \u00e0 l\u2019Universit\u00e9 de Caen Normandie par Julie Wolkenstein et&nbsp;David&nbsp;Vasse.`<\/li>\n<\/ul>\n\n\n\n<ul class=\"wp-block-list\">\n<li>\u00ab&nbsp;Programmer le cin\u00e9ma nordique au Festival de l\u2019histoire de l\u2019art : lignes de force et lignes de fuite&nbsp;\u00bb (en qualit\u00e9 de responsable de la section cin\u00e9ma du Festival de l\u2019histoire de l\u2019art).&nbsp;<\/li>\n\n\n\n<li><em>Strasbourg, 28 f\u00e9vrier 2019<\/em>. Journ\u00e9e d\u2019\u00e9tude&nbsp;<em>\u00ab Le cin\u00e9ma scandinave \u00bb<\/em>, organis\u00e9e \u00e0 l\u2019Universit\u00e9 de Strasbourg par Benjamin&nbsp;Thomas, au sein du programme \u00ab L\u2019Europe du cin\u00e9ma, espace de cr\u00e9ation transnational \u00bb (avec les universit\u00e9s de Paris 1 et Caen).<\/li>\n<\/ul>\n\n\n\n<ul class=\"wp-block-list\">\n<li><strong>\u00ab&nbsp;Ce que sont les&nbsp;conditions<\/strong><strong>&nbsp;critiques&nbsp;\u00bb.<\/strong>&nbsp;<em>Nanterre, 18 juin 2014<\/em>. Journ\u00e9e&nbsp;d\u2019\u00e9tude&nbsp;<em>\u00ab La critique de cin\u00e9ma, nouveaux objets, nouvelles approches \u00bb<\/em>, organis\u00e9e \u00e0 l\u2019Universit\u00e9 Paris-Nanterre, par Antoine de Baecque et Emmanuel Wallon.<\/li>\n<\/ul>\n\n\n\n<ul class=\"wp-block-list\">\n<li><strong>\u00ab&nbsp;Daney \u00e0 l\u2019image, image de Daney&nbsp;\u00bb.<\/strong>&nbsp;<em>Paris, 22 juin 2012<\/em>. Journ\u00e9e d\u2019\u00e9tude \u00ab Serge Daney [1944-1992], une pens\u00e9e vive \u00bb, organis\u00e9e \u00e0 la Cin\u00e9math\u00e8que Fran\u00e7aise par Bernard Benoliel.<a><\/a>&nbsp;Intervention film\u00e9e, visible en ligne \u00e0 l\u2019adresse :&nbsp;http:\/\/www.cinematheque.fr\/video\/206.html<\/li>\n<\/ul>\n\n\n\n<ul class=\"wp-block-list\">\n<li><strong>\u00ab&nbsp;Espace, cin\u00e9ma et histoire :&nbsp;<em>L\u2019Anglaise et le duc<\/em>&nbsp;d\u2019\u00c9ric Rohmer<\/strong><strong>&nbsp;\u00bb.<\/strong>&nbsp;<em>Paris, 7-8 octobre 2010<\/em>. Journ\u00e9e d\u2019\u00e9tude \u00ab L\u2019espace et les sciences humaines \u00bb, organis\u00e9e par Marcela Iacub, \u00c9cole Pratique des Hautes-\u00c9tudes.<\/li>\n<\/ul>\n\n\n\n<p><strong>Interventions dans des s\u00e9minaires de recherche ou cycles de conf\u00e9rences<\/strong><\/p>\n\n\n\n<ul class=\"wp-block-list\">\n<li><strong>\u00ab&nbsp;Serge Daney, le cin\u00e9ma comme souci de l\u2019autre&nbsp;<\/strong>\u00bb.&nbsp;<em>Tourcoing, 19 novembre 2018<\/em>. Conf\u00e9rence au Fresnoy \u2013 Studio National, \u00e0 l\u2019invitation de Fran\u00e7ois Bonenfant, suivie d\u2019une pr\u00e9sentation du film&nbsp;<em>Le Champignon des Carpathes<\/em>&nbsp;de Jean-Claude Biette, projet\u00e9 en suivant.<\/li>\n<\/ul>\n\n\n\n<ul class=\"wp-block-list\">\n<li><strong>\u00ab&nbsp;Autour de l\u2019ouvrage&nbsp;<em>Jean-Claude Biette, appunti et contrappunti<\/em>&nbsp;\u00bb.<\/strong>&nbsp;<em>Paris<\/em>&nbsp;(INHA)<em>, 30 janvier 2019<\/em>. Pr\u00e9sentation de l\u2019ouvrage avec Marcos Uzal, en \u00e9change avec C\u00e9cile Sorin, lors du s\u00e9minaire inter-universitaire sur la critique \u00ab IDEC \u00bb, coorganis\u00e9 par Antoine de Baecque (ENS Ulm), Marc Cerisuelo (Universit\u00e9 Paris-Est), Herv\u00e9 Joubert-Laurencin (Universit\u00e9 Paris-Nanterre), C\u00e9cile Sorin (Universit\u00e9 Paris 8).<\/li>\n<\/ul>\n\n\n\n<ul class=\"wp-block-list\">\n<li><strong>\u00ab&nbsp;Retours sur le colloque \u00ab Serge Daney, dans le texte \u00bb.&nbsp;<\/strong><em>Paris, 18 octobre 2017<\/em>. Intervention avec Claire Allouche et Igor Krtolica au s\u00e9minaire inter-universitaire sur la critique \u00ab IDEC \u00bb, coorganis\u00e9 par Antoine de Baecque (ENS Ulm), Marc Cerisuelo (Universit\u00e9 Paris-Est), Herv\u00e9 Joubert-Laurencin (Universit\u00e9 Paris-Nanterre), C\u00e9cile Sorin (Universit\u00e9 Paris 8), \u00e0 l\u2019INHA (Paris).<\/li>\n<\/ul>\n\n\n\n<ul class=\"wp-block-list\">\n<li><strong>\u00ab&nbsp;Nature(s) de la photographie : de Bernard Faucon \u00e0&nbsp;<em>La Chambre claire&nbsp;<\/em>\u00bb.<\/strong>&nbsp;<em>Paris, 22 avril 2017.<\/em>&nbsp;Intervention au s\u00e9minaire \u00ab Roland Barthes \u00bb, coorganis\u00e9 par Claude Coste, Marie Gil et \u00c9ric Marty, \u00e0 l\u2019\u00c9cole Nationale Sup\u00e9rieure de la rue d\u2019Ulm.<\/li>\n<\/ul>\n\n\n\n<ul class=\"wp-block-list\">\n<li><strong>\u00ab&nbsp;Serge Daney, auto-projection : ces textes qui lisent en nous, ces films qui l\u2019ont regard\u00e9&nbsp;\u00bb.<\/strong>&nbsp;&nbsp;<em>Paris, 7 mars 2016<\/em>. Intervention au s\u00e9minaire d\u2019\u00e9tude \u00ab Serge Daney, entre mots et images \u00bb, organis\u00e9 par Claire Allouche, du 7 mars au 23 mai 2016 \u00e0 l\u2019\u00c9cole Normale Sup\u00e9rieure de la rue d\u2019Ulm.<\/li>\n<\/ul>\n\n\n\n<ul class=\"wp-block-list\">\n<li><strong>\u00ab&nbsp;Cin\u00e9-collage Serge Daney&nbsp;\u00bb.<\/strong>&nbsp;<em>Rennes, 7 mars 2012.<\/em>&nbsp;Conception<strong>,<\/strong>&nbsp;pr\u00e9sentation et projection d\u2019un film de montage d\u2019images de Serge Daney (1h30) au cin\u00e9ma Le Tambour, Universit\u00e9 Rennes II, \u00e0 l\u2019invitation d\u2019\u00c9ric Thouvenel et Priska Morrissey.<\/li>\n<\/ul>\n\n\n\n<p><strong>\u00c9v\u00e9nements divers<\/strong><\/p>\n\n\n\n<ul class=\"wp-block-list\">\n<li><strong>Festival de l\u2019histoire de l\u2019art :<\/strong>&nbsp;programmateur de la section cin\u00e9ma du festival entre pour les \u00e9ditions 2019 et 2020.<\/li>\n<\/ul>\n\n\n\n<ul class=\"wp-block-list\">\n<li><strong>Cin\u00e9-club \u00ab Deux dames s\u00e9rieuses \u00bb,<\/strong>&nbsp;avec Marie Anne Guerin, depuis f\u00e9vrier 2016, une s\u00e9ance par mois au cin\u00e9ma L\u2019Archipel, Paris<\/li>\n<\/ul>\n","protected":false},"excerpt":{"rendered":"Ma\u00eetre de conf\u00e9rences en \u00e9tudes cin\u00e9matographiques et Responsable des Licences Cin\u00e9ma. Ses champs de recherches couvrent la critique de cin\u00e9ma, l\u2019histoire des th\u00e9ories cin\u00e9matographiques, l\u2019analyse de film, les cin\u00e9matographies queer et po\u00e9tiques. Il est membre du comit\u00e9 des Cahiers du cin\u00e9ma et a \u00e9t\u00e9 entre 2018 et 2020 programmateur cin\u00e9ma du Festival de l\u2019histoire de l\u2019art de l\u2019INHA.","protected":false},"author":4,"featured_media":1550,"comment_status":"closed","ping_status":"closed","sticky":false,"template":"","format":"standard","meta":{"_EventAllDay":false,"_EventTimezone":"","_EventStartDate":"","_EventEndDate":"","_EventStartDateUTC":"","_EventEndDateUTC":"","_EventShowMap":false,"_EventShowMapLink":false,"_EventURL":"","_EventCost":"","_EventCostDescription":"","_EventCurrencySymbol":"","_EventCurrencyCode":"","_EventCurrencyPosition":"","_EventDateTimeSeparator":"","_EventTimeRangeSeparator":"","_EventOrganizerID":[],"_EventVenueID":[],"_OrganizerEmail":"","_OrganizerPhone":"","_OrganizerWebsite":"","_VenueAddress":"","_VenueCity":"","_VenueCountry":"","_VenueProvince":"","_VenueState":"","_VenueZip":"","_VenuePhone":"","_VenueURL":"","_VenueStateProvince":"","_VenueLat":"","_VenueLng":"","_VenueShowMap":false,"_VenueShowMapLink":false,"footnotes":""},"categories":[10,3],"tags":[],"class_list":["post-316","post","type-post","status-publish","format-standard","has-post-thumbnail","hentry","category-membre-permanent","category-membre-crae"],"_links":{"self":[{"href":"https:\/\/www.u-picardie.fr\/crae\/wp-json\/wp\/v2\/posts\/316","targetHints":{"allow":["GET"]}}],"collection":[{"href":"https:\/\/www.u-picardie.fr\/crae\/wp-json\/wp\/v2\/posts"}],"about":[{"href":"https:\/\/www.u-picardie.fr\/crae\/wp-json\/wp\/v2\/types\/post"}],"author":[{"embeddable":true,"href":"https:\/\/www.u-picardie.fr\/crae\/wp-json\/wp\/v2\/users\/4"}],"replies":[{"embeddable":true,"href":"https:\/\/www.u-picardie.fr\/crae\/wp-json\/wp\/v2\/comments?post=316"}],"version-history":[{"count":10,"href":"https:\/\/www.u-picardie.fr\/crae\/wp-json\/wp\/v2\/posts\/316\/revisions"}],"predecessor-version":[{"id":1559,"href":"https:\/\/www.u-picardie.fr\/crae\/wp-json\/wp\/v2\/posts\/316\/revisions\/1559"}],"wp:featuredmedia":[{"embeddable":true,"href":"https:\/\/www.u-picardie.fr\/crae\/wp-json\/wp\/v2\/media\/1550"}],"wp:attachment":[{"href":"https:\/\/www.u-picardie.fr\/crae\/wp-json\/wp\/v2\/media?parent=316"}],"wp:term":[{"taxonomy":"category","embeddable":true,"href":"https:\/\/www.u-picardie.fr\/crae\/wp-json\/wp\/v2\/categories?post=316"},{"taxonomy":"post_tag","embeddable":true,"href":"https:\/\/www.u-picardie.fr\/crae\/wp-json\/wp\/v2\/tags?post=316"}],"curies":[{"name":"wp","href":"https:\/\/api.w.org\/{rel}","templated":true}]}}