{"id":302,"date":"2022-02-14T10:45:35","date_gmt":"2022-02-14T09:45:35","guid":{"rendered":"https:\/\/www.u-picardie.fr\/crae\/?p=302"},"modified":"2022-06-03T10:34:30","modified_gmt":"2022-06-03T08:34:30","slug":"marion-boudier","status":"publish","type":"post","link":"https:\/\/www.u-picardie.fr\/crae\/marion-boudier\/","title":{"rendered":"Boudier, Marion"},"content":{"rendered":"\n<p>Marion Boudier est ma\u00eetresse de conf\u00e9rences en \u00e9tudes th\u00e9\u00e2trales, en d\u00e9l\u00e9gation \u00e0 l\u2019Institut Universitaire de France. Ses travaux portent sur les \u00e9critures textuelles et sc\u00e9niques contemporaines, la dramaturgie, les processus de cr\u00e9ation,&nbsp;les liens entre art, p\u00e9dagogie et recherche.&nbsp;\u00c9galement dramaturge, elle accompagne notamment Jo\u00ebl Pommerat et La Compagnie Louis Brouillard pour des projets au th\u00e9\u00e2tre et \u00e0 l\u2019op\u00e9ra.&nbsp;<\/p>\n\n\n\n<p>Elle est co-porteuse du programme de recherche <a href=\"https:\/\/performerlessavoir.wixsite.com\/performerlessavoirs\"><em>Performer les savoirs <\/em><\/a>avec Chlo\u00e9 D\u00e9chery depuis 2018 et a initi\u00e9 en 2021 le projet\u00a0<a href=\"https:\/\/adoc.hypotheses.org\/\" data-type=\"URL\" data-id=\"https:\/\/adoc.hypotheses.org\/\" target=\"_blank\" rel=\"noreferrer noopener\">ADOC<\/a>\u00a0sur les usages des documents par les interpr\u00e8tes.\u00a0Elle a co-r\u00e9alis\u00e9 le site Internet <a href=\"http:\/\/www.uoh.fr\/front\/notice?id=9662ebf1-d215-40ac-9566-7b29c5a34582\"><em>Grande le\u00e7on de th\u00e9\u00e2tre d\u2019Oriza Hirata<\/em><\/a> pour l\u2019UOH et est l&rsquo;auteure de plusieurs articles et ouvrages sur le th\u00e9\u00e2tre contemporain dont <em>Avec Jo\u00ebl Pommerat, un monde complexe<\/em> (Actes Sud, 2015) et <em>De quoi la dramaturgie est-elle le nom ?<\/em> (L&rsquo;Harmattan, 2014) co-\u00e9crit avec le collectif de la revue <a href=\"https:\/\/journals.openedition.org\/agon\/\"><em>Ag\u00f4n<\/em><\/a>. Elle a re\u00e7u le Prix du Syndicat de la critique \u2013 Meilleur livre sur le th\u00e9\u00e2tre pour <em>Avec Jo\u00ebl Pommerat <\/em>(tome 2)<em>, l\u2019\u00e9criture de \u00c7a ira (1) Fin de Louis <\/em>paru aux \u00e9ditions Actes Sud en 2019.<\/p>\n","protected":false},"excerpt":{"rendered":"Marion Boudier est ma\u00eetresse de conf\u00e9rences en \u00e9tudes th\u00e9\u00e2trales, en d\u00e9l\u00e9gation \u00e0 l\u2019Institut Universitaire de France. Ses travaux portent sur les \u00e9critures textuelles et sc\u00e9niques contemporaines, la dramaturgie, les processus de cr\u00e9ation,\u00a0les liens entre art, p\u00e9dagogie et recherche.","protected":false},"author":4,"featured_media":278,"comment_status":"closed","ping_status":"closed","sticky":false,"template":"","format":"standard","meta":{"_EventAllDay":false,"_EventTimezone":"","_EventStartDate":"","_EventEndDate":"","_EventStartDateUTC":"","_EventEndDateUTC":"","_EventShowMap":false,"_EventShowMapLink":false,"_EventURL":"","_EventCost":"","_EventCostDescription":"","_EventCurrencySymbol":"","_EventCurrencyCode":"","_EventCurrencyPosition":"","_EventDateTimeSeparator":"","_EventTimeRangeSeparator":"","_EventOrganizerID":[],"_EventVenueID":[],"_OrganizerEmail":"","_OrganizerPhone":"","_OrganizerWebsite":"","_VenueAddress":"","_VenueCity":"","_VenueCountry":"","_VenueProvince":"","_VenueState":"","_VenueZip":"","_VenuePhone":"","_VenueURL":"","_VenueStateProvince":"","_VenueLat":"","_VenueLng":"","_VenueShowMap":false,"_VenueShowMapLink":false,"footnotes":""},"categories":[10,3],"tags":[],"class_list":["post-302","post","type-post","status-publish","format-standard","has-post-thumbnail","hentry","category-membre-permanent","category-membre-crae"],"_links":{"self":[{"href":"https:\/\/www.u-picardie.fr\/crae\/wp-json\/wp\/v2\/posts\/302","targetHints":{"allow":["GET"]}}],"collection":[{"href":"https:\/\/www.u-picardie.fr\/crae\/wp-json\/wp\/v2\/posts"}],"about":[{"href":"https:\/\/www.u-picardie.fr\/crae\/wp-json\/wp\/v2\/types\/post"}],"author":[{"embeddable":true,"href":"https:\/\/www.u-picardie.fr\/crae\/wp-json\/wp\/v2\/users\/4"}],"replies":[{"embeddable":true,"href":"https:\/\/www.u-picardie.fr\/crae\/wp-json\/wp\/v2\/comments?post=302"}],"version-history":[{"count":4,"href":"https:\/\/www.u-picardie.fr\/crae\/wp-json\/wp\/v2\/posts\/302\/revisions"}],"predecessor-version":[{"id":952,"href":"https:\/\/www.u-picardie.fr\/crae\/wp-json\/wp\/v2\/posts\/302\/revisions\/952"}],"wp:featuredmedia":[{"embeddable":true,"href":"https:\/\/www.u-picardie.fr\/crae\/wp-json\/wp\/v2\/media\/278"}],"wp:attachment":[{"href":"https:\/\/www.u-picardie.fr\/crae\/wp-json\/wp\/v2\/media?parent=302"}],"wp:term":[{"taxonomy":"category","embeddable":true,"href":"https:\/\/www.u-picardie.fr\/crae\/wp-json\/wp\/v2\/categories?post=302"},{"taxonomy":"post_tag","embeddable":true,"href":"https:\/\/www.u-picardie.fr\/crae\/wp-json\/wp\/v2\/tags?post=302"}],"curies":[{"name":"wp","href":"https:\/\/api.w.org\/{rel}","templated":true}]}}