{"id":300,"date":"2022-02-14T10:44:57","date_gmt":"2022-02-14T09:44:57","guid":{"rendered":"https:\/\/www.u-picardie.fr\/crae\/?p=300"},"modified":"2023-09-12T10:49:28","modified_gmt":"2023-09-12T08:49:28","slug":"sally-bonn","status":"publish","type":"post","link":"https:\/\/www.u-picardie.fr\/crae\/sally-bonn\/","title":{"rendered":"Bonn, Sally"},"content":{"rendered":"\n<p>Sally Bonn est ma\u00eetresse de conf\u00e9rences en esth\u00e9tique. Ses recherches et enseignements s\u2019attachent \u00e0 l\u2019analyse des pratiques d\u2019\u00e9criture au sein des pratiques artistiques depuis les ann\u00e9es 60 du XXe si\u00e8cle jusqu\u2019\u00e0 la p\u00e9riode contemporaine. Elle dirige l&rsquo;axe Outils et Gestes de Recherche &#8211; OGRE avec Guillaume Pin\u00e7on.<\/p>\n\n\n\n<p><\/p>\n\n\n\n<p>Photo \u00a9 Ilaf Haidar<\/p>\n","protected":false},"excerpt":{"rendered":"Sally Bonn est ma\u00eetresse de conf\u00e9rences en esth\u00e9tique. Ses recherches et enseignements s\u2019attachent \u00e0 l\u2019analyse des pratiques d\u2019\u00e9criture au sein des pratiques artistiques depuis les ann\u00e9es 60 du XXe si\u00e8cle jusqu\u2019\u00e0 la p\u00e9riode contemporaine. Elle dirige l&rsquo;axe Outils et Gestes de Recherche &#8211; OGRE avec Guillaume Pin\u00e7on.","protected":false},"author":4,"featured_media":259,"comment_status":"closed","ping_status":"closed","sticky":false,"template":"","format":"standard","meta":{"_EventAllDay":false,"_EventTimezone":"","_EventStartDate":"","_EventEndDate":"","_EventStartDateUTC":"","_EventEndDateUTC":"","_EventShowMap":false,"_EventShowMapLink":false,"_EventURL":"","_EventCost":"","_EventCostDescription":"","_EventCurrencySymbol":"","_EventCurrencyCode":"","_EventCurrencyPosition":"","_EventDateTimeSeparator":"","_EventTimeRangeSeparator":"","_EventOrganizerID":[],"_EventVenueID":[],"_OrganizerEmail":"","_OrganizerPhone":"","_OrganizerWebsite":"","_VenueAddress":"","_VenueCity":"","_VenueCountry":"","_VenueProvince":"","_VenueState":"","_VenueZip":"","_VenuePhone":"","_VenueURL":"","_VenueStateProvince":"","_VenueLat":"","_VenueLng":"","_VenueShowMap":false,"_VenueShowMapLink":false,"footnotes":""},"categories":[10,3],"tags":[],"class_list":["post-300","post","type-post","status-publish","format-standard","has-post-thumbnail","hentry","category-membre-permanent","category-membre-crae"],"_links":{"self":[{"href":"https:\/\/www.u-picardie.fr\/crae\/wp-json\/wp\/v2\/posts\/300","targetHints":{"allow":["GET"]}}],"collection":[{"href":"https:\/\/www.u-picardie.fr\/crae\/wp-json\/wp\/v2\/posts"}],"about":[{"href":"https:\/\/www.u-picardie.fr\/crae\/wp-json\/wp\/v2\/types\/post"}],"author":[{"embeddable":true,"href":"https:\/\/www.u-picardie.fr\/crae\/wp-json\/wp\/v2\/users\/4"}],"replies":[{"embeddable":true,"href":"https:\/\/www.u-picardie.fr\/crae\/wp-json\/wp\/v2\/comments?post=300"}],"version-history":[{"count":5,"href":"https:\/\/www.u-picardie.fr\/crae\/wp-json\/wp\/v2\/posts\/300\/revisions"}],"predecessor-version":[{"id":1462,"href":"https:\/\/www.u-picardie.fr\/crae\/wp-json\/wp\/v2\/posts\/300\/revisions\/1462"}],"wp:featuredmedia":[{"embeddable":true,"href":"https:\/\/www.u-picardie.fr\/crae\/wp-json\/wp\/v2\/media\/259"}],"wp:attachment":[{"href":"https:\/\/www.u-picardie.fr\/crae\/wp-json\/wp\/v2\/media?parent=300"}],"wp:term":[{"taxonomy":"category","embeddable":true,"href":"https:\/\/www.u-picardie.fr\/crae\/wp-json\/wp\/v2\/categories?post=300"},{"taxonomy":"post_tag","embeddable":true,"href":"https:\/\/www.u-picardie.fr\/crae\/wp-json\/wp\/v2\/tags?post=300"}],"curies":[{"name":"wp","href":"https:\/\/api.w.org\/{rel}","templated":true}]}}