{"id":1792,"date":"2024-04-15T10:16:47","date_gmt":"2024-04-15T08:16:47","guid":{"rendered":"https:\/\/www.u-picardie.fr\/crae\/?p=1792"},"modified":"2025-11-13T14:21:32","modified_gmt":"2025-11-13T13:21:32","slug":"reconsiderer-les-savoirs-perspectives-plurielles-relecture-reecriture","status":"publish","type":"post","link":"https:\/\/www.u-picardie.fr\/crae\/reconsiderer-les-savoirs-perspectives-plurielles-relecture-reecriture\/","title":{"rendered":"REconsid\u00e9rer les savoirs, perspectives plurielles : RElecture, R\u00c9\u00e9criture"},"content":{"rendered":"\n<p>Le colloque aura lieu le 24 avril au mus\u00e9e de Picardie, \u00e0 partir de 10h, et le 25 avril au p\u00f4le Citadelle de l&rsquo;UPJV \u00e0 partir de 9h30.<\/p>\n\n\n\n<p>Colloque organis\u00e9 par les doctorant\u00b7e\u00b7s du CR\u00c6 : Marta Anton Mart\u00ed, Anna Buno, Cl\u00e9a Calderoni, Antoine Hoffmann et Annick Naour.<\/p>\n\n\n\n<p><a href=\"https:\/\/www.u-picardie.fr\/crae\/wp-content\/uploads\/2024\/04\/programme_colloque-_-doctorants-crae_web.pdf\" data-type=\"link\" data-id=\"https:\/\/www.u-picardie.fr\/crae\/wp-content\/uploads\/2024\/04\/programme_colloque-_-doctorants-crae_web.pdf\">Cliquez ici pour acc\u00e9der au programme.<\/a><\/p>\n","protected":false},"excerpt":{"rendered":"Le colloque aura lieu le 24 avril au mus\u00e9e de Picardie, \u00e0 partir de 10h, et le 25 avril au p\u00f4le Citadelle de l&rsquo;UPJV \u00e0 partir de 9h30.","protected":false},"author":4,"featured_media":740,"comment_status":"closed","ping_status":"","sticky":false,"template":"","format":"standard","meta":{"_EventAllDay":false,"_EventTimezone":"","_EventStartDate":"","_EventEndDate":"","_EventStartDateUTC":"","_EventEndDateUTC":"","_EventShowMap":false,"_EventShowMapLink":false,"_EventURL":"","_EventCost":"","_EventCostDescription":"","_EventCurrencySymbol":"","_EventCurrencyCode":"","_EventCurrencyPosition":"","_EventDateTimeSeparator":"","_EventTimeRangeSeparator":"","_EventOrganizerID":[],"_EventVenueID":[],"_OrganizerEmail":"","_OrganizerPhone":"","_OrganizerWebsite":"","_VenueAddress":"","_VenueCity":"","_VenueCountry":"","_VenueProvince":"","_VenueState":"","_VenueZip":"","_VenuePhone":"","_VenueURL":"","_VenueStateProvince":"","_VenueLat":"","_VenueLng":"","_VenueShowMap":false,"_VenueShowMapLink":false,"footnotes":""},"categories":[20,2,17,19,7,5,6,8],"tags":[],"class_list":["post-1792","post","type-post","status-publish","format-standard","has-post-thumbnail","hentry","category-actualites-des-membres-du-crae","category-crae","category-events","category-archives","category-arts-et-territoires","category-lart-et-ses-discours","category-ogre","category-temporalite-lumiere-mouvement"],"_links":{"self":[{"href":"https:\/\/www.u-picardie.fr\/crae\/wp-json\/wp\/v2\/posts\/1792","targetHints":{"allow":["GET"]}}],"collection":[{"href":"https:\/\/www.u-picardie.fr\/crae\/wp-json\/wp\/v2\/posts"}],"about":[{"href":"https:\/\/www.u-picardie.fr\/crae\/wp-json\/wp\/v2\/types\/post"}],"author":[{"embeddable":true,"href":"https:\/\/www.u-picardie.fr\/crae\/wp-json\/wp\/v2\/users\/4"}],"replies":[{"embeddable":true,"href":"https:\/\/www.u-picardie.fr\/crae\/wp-json\/wp\/v2\/comments?post=1792"}],"version-history":[{"count":1,"href":"https:\/\/www.u-picardie.fr\/crae\/wp-json\/wp\/v2\/posts\/1792\/revisions"}],"predecessor-version":[{"id":1794,"href":"https:\/\/www.u-picardie.fr\/crae\/wp-json\/wp\/v2\/posts\/1792\/revisions\/1794"}],"wp:featuredmedia":[{"embeddable":true,"href":"https:\/\/www.u-picardie.fr\/crae\/wp-json\/wp\/v2\/media\/740"}],"wp:attachment":[{"href":"https:\/\/www.u-picardie.fr\/crae\/wp-json\/wp\/v2\/media?parent=1792"}],"wp:term":[{"taxonomy":"category","embeddable":true,"href":"https:\/\/www.u-picardie.fr\/crae\/wp-json\/wp\/v2\/categories?post=1792"},{"taxonomy":"post_tag","embeddable":true,"href":"https:\/\/www.u-picardie.fr\/crae\/wp-json\/wp\/v2\/tags?post=1792"}],"curies":[{"name":"wp","href":"https:\/\/api.w.org\/{rel}","templated":true}]}}