{"id":1771,"date":"2025-01-07T10:15:45","date_gmt":"2025-01-07T09:15:45","guid":{"rendered":"https:\/\/www.u-picardie.fr\/crae\/?p=1771"},"modified":"2025-01-07T10:15:45","modified_gmt":"2025-01-07T09:15:45","slug":"des-cris-dechirent-le-silence","status":"publish","type":"post","link":"https:\/\/www.u-picardie.fr\/crae\/des-cris-dechirent-le-silence\/","title":{"rendered":"Des cris d\u00e9chirent le silence"},"content":{"rendered":"\n<p><em>Des cris d\u00e9chirent le silence<\/em> (55&prime;, 2024) de Natacha Thi\u00e9ry, s\u00e9lectionn\u00e9 au festival Cin\u00e9ma du R\u00e9el 2024, est disponible sur les plateformes T\u00ebnk et Les Mutins de Pang\u00e9e\/Cin\u00e9Mutins : <a href=\"https:\/\/www.on-tenk.com\/fr\/documentaires\/feminismes\/des-cris-dechirent-le-silence\">https:\/\/www.on-tenk.com\/fr\/documentaires\/feminismes\/des-cris-dechirent-le-silence<\/a> et <a href=\"https:\/\/www.cinemutins.com\/des-cris-dechirent-le-silence\">https:\/\/www.cinemutins.com\/des-cris-dechirent-le-silence<\/a><\/p>\n\n\n\n<p>Un activisme in\u00e9dit se d\u00e9ploie sur les murs par des collages au code graphique identique, saisis en quatre ann\u00e9es de luttes f\u00e9ministes et antifascistes (fin 2019-fin 2023). Gestes politiques, individuels et collectifs, cris de r\u00e9volte contre le patriarcat syst\u00e9mique et le capitalisme, en r\u00e9ponse \u00e0 la silenciation des violences, ils modifient \u00e0 vue l\u2019espace public urbain autant que les subjectivit\u00e9s. Faire effraction, (re)prendre la rue, rendre visible, dans une soci\u00e9t\u00e9 de plus en plus violemment cliv\u00e9e, ce qui ne l\u2019\u00e9tait pas. Ici et ailleurs, tant qu\u2019il le faudra.<\/p>\n\n\n\n<p><\/p>\n","protected":false},"excerpt":{"rendered":"Des cris d\u00e9chirent le silence (55&prime;, 2024) de Natacha Thi\u00e9ry, s\u00e9lectionn\u00e9 au festival Cin\u00e9ma du R\u00e9el 2024, est disponible sur les plateformes T\u00ebnk et Les Mutins de Pang\u00e9e\/Cin\u00e9Mutins.","protected":false},"author":4,"featured_media":1918,"comment_status":"closed","ping_status":"","sticky":false,"template":"","format":"standard","meta":{"_EventAllDay":false,"_EventTimezone":"","_EventStartDate":"","_EventEndDate":"","_EventStartDateUTC":"","_EventEndDateUTC":"","_EventShowMap":false,"_EventShowMapLink":false,"_EventURL":"","_EventCost":"","_EventCostDescription":"","_EventCurrencySymbol":"","_EventCurrencyCode":"","_EventCurrencyPosition":"","_EventDateTimeSeparator":"","_EventTimeRangeSeparator":"","_EventOrganizerID":[],"_EventVenueID":[],"_OrganizerEmail":"","_OrganizerPhone":"","_OrganizerWebsite":"","_VenueAddress":"","_VenueCity":"","_VenueCountry":"","_VenueProvince":"","_VenueState":"","_VenueZip":"","_VenuePhone":"","_VenueURL":"","_VenueStateProvince":"","_VenueLat":"","_VenueLng":"","_VenueShowMap":false,"_VenueShowMapLink":false,"footnotes":""},"categories":[20,17,19,18],"tags":[],"class_list":["post-1771","post","type-post","status-publish","format-standard","has-post-thumbnail","hentry","category-actualites-des-membres-du-crae","category-events","category-archives","category-dernieres-actus"],"_links":{"self":[{"href":"https:\/\/www.u-picardie.fr\/crae\/wp-json\/wp\/v2\/posts\/1771","targetHints":{"allow":["GET"]}}],"collection":[{"href":"https:\/\/www.u-picardie.fr\/crae\/wp-json\/wp\/v2\/posts"}],"about":[{"href":"https:\/\/www.u-picardie.fr\/crae\/wp-json\/wp\/v2\/types\/post"}],"author":[{"embeddable":true,"href":"https:\/\/www.u-picardie.fr\/crae\/wp-json\/wp\/v2\/users\/4"}],"replies":[{"embeddable":true,"href":"https:\/\/www.u-picardie.fr\/crae\/wp-json\/wp\/v2\/comments?post=1771"}],"version-history":[{"count":4,"href":"https:\/\/www.u-picardie.fr\/crae\/wp-json\/wp\/v2\/posts\/1771\/revisions"}],"predecessor-version":[{"id":1920,"href":"https:\/\/www.u-picardie.fr\/crae\/wp-json\/wp\/v2\/posts\/1771\/revisions\/1920"}],"wp:featuredmedia":[{"embeddable":true,"href":"https:\/\/www.u-picardie.fr\/crae\/wp-json\/wp\/v2\/media\/1918"}],"wp:attachment":[{"href":"https:\/\/www.u-picardie.fr\/crae\/wp-json\/wp\/v2\/media?parent=1771"}],"wp:term":[{"taxonomy":"category","embeddable":true,"href":"https:\/\/www.u-picardie.fr\/crae\/wp-json\/wp\/v2\/categories?post=1771"},{"taxonomy":"post_tag","embeddable":true,"href":"https:\/\/www.u-picardie.fr\/crae\/wp-json\/wp\/v2\/tags?post=1771"}],"curies":[{"name":"wp","href":"https:\/\/api.w.org\/{rel}","templated":true}]}}