{"id":1189,"date":"2022-11-17T11:07:30","date_gmt":"2022-11-17T10:07:30","guid":{"rendered":"https:\/\/www.u-picardie.fr\/crae\/?p=1189"},"modified":"2025-11-13T14:21:36","modified_gmt":"2025-11-13T13:21:36","slug":"document-materiau","status":"publish","type":"post","link":"https:\/\/www.u-picardie.fr\/crae\/document-materiau\/","title":{"rendered":"Document-mat\u00e9riau"},"content":{"rendered":"\n<h3 class=\"wp-block-heading\">Parution du Chantier #7 \u00ab Document-mat\u00e9riau \u00bb coordonn\u00e9 par Marion Boudier et Chlo\u00e9 D\u00e9chery, dans la revue en ligne <em>Tha\u00eatre<\/em>.<\/h3>\n\n\n\n<p>\u00ab Document-mat\u00e9riau \u00bb, le dernier chantier de la revue tha\u00eatre coordonn\u00e9 par Marion Boudier et Chlo\u00e9 D\u00e9chery vient de para\u00eetre. Il est librement accessible ici : <a href=\"https:\/\/www.thaetre.com\/\">https:\/\/www.thaetre.com\/<\/a><br>De quelle(s) crise(s) ou r\u00e9invention(s) le document est-il le vecteur ou le sympt\u00f4me sur les sc\u00e8nes d\u2019aujourd\u2019hui ? Quels en sont les usages sensibles, plastiques et critiques, non seulement chez les auteur\u00b7rices et metteur\u00b7ses en sc\u00e8ne, mais aussi les dramaturges, interpr\u00e8tes, sc\u00e9nographes et cr\u00e9ateur\u00b7rices sonores ? Quels effets et quels affects produit-il ? Telles sont quelques-unes des questions que pose ce chantier en recourant \u00e0 de multiples formats \u2013 article g\u00e9n\u00e9tique, partition de performance, entretien\u2026 \u2013 et en faisant du document le centre de la r\u00e9flexion comme du travail \u00e9ditorial.<\/p>\n\n\n\n<p>Visuel (c) Patrick Laffont De Lojo&nbsp;<\/p>\n","protected":false},"excerpt":{"rendered":"Parution du Chantier #7 \u00ab Document-mat\u00e9riau \u00bb coordonn\u00e9 par Marion Boudier et Chlo\u00e9 D\u00e9chery, dans la revue en ligne Tha\u00eatre.","protected":false},"author":4,"featured_media":1183,"comment_status":"closed","ping_status":"closed","sticky":false,"template":"","format":"standard","meta":{"_EventAllDay":false,"_EventTimezone":"","_EventStartDate":"","_EventEndDate":"","_EventStartDateUTC":"","_EventEndDateUTC":"","_EventShowMap":false,"_EventShowMapLink":false,"_EventURL":"","_EventCost":"","_EventCostDescription":"","_EventCurrencySymbol":"","_EventCurrencyCode":"","_EventCurrencyPosition":"","_EventDateTimeSeparator":"","_EventTimeRangeSeparator":"","_EventOrganizerID":[],"_EventVenueID":[],"_OrganizerEmail":"","_OrganizerPhone":"","_OrganizerWebsite":"","_VenueAddress":"","_VenueCity":"","_VenueCountry":"","_VenueProvince":"","_VenueState":"","_VenueZip":"","_VenuePhone":"","_VenueURL":"","_VenueStateProvince":"","_VenueLat":"","_VenueLng":"","_VenueShowMap":false,"_VenueShowMapLink":false,"footnotes":""},"categories":[2,17,19,6],"tags":[],"class_list":["post-1189","post","type-post","status-publish","format-standard","has-post-thumbnail","hentry","category-crae","category-events","category-archives","category-ogre"],"_links":{"self":[{"href":"https:\/\/www.u-picardie.fr\/crae\/wp-json\/wp\/v2\/posts\/1189","targetHints":{"allow":["GET"]}}],"collection":[{"href":"https:\/\/www.u-picardie.fr\/crae\/wp-json\/wp\/v2\/posts"}],"about":[{"href":"https:\/\/www.u-picardie.fr\/crae\/wp-json\/wp\/v2\/types\/post"}],"author":[{"embeddable":true,"href":"https:\/\/www.u-picardie.fr\/crae\/wp-json\/wp\/v2\/users\/4"}],"replies":[{"embeddable":true,"href":"https:\/\/www.u-picardie.fr\/crae\/wp-json\/wp\/v2\/comments?post=1189"}],"version-history":[{"count":2,"href":"https:\/\/www.u-picardie.fr\/crae\/wp-json\/wp\/v2\/posts\/1189\/revisions"}],"predecessor-version":[{"id":1192,"href":"https:\/\/www.u-picardie.fr\/crae\/wp-json\/wp\/v2\/posts\/1189\/revisions\/1192"}],"wp:featuredmedia":[{"embeddable":true,"href":"https:\/\/www.u-picardie.fr\/crae\/wp-json\/wp\/v2\/media\/1183"}],"wp:attachment":[{"href":"https:\/\/www.u-picardie.fr\/crae\/wp-json\/wp\/v2\/media?parent=1189"}],"wp:term":[{"taxonomy":"category","embeddable":true,"href":"https:\/\/www.u-picardie.fr\/crae\/wp-json\/wp\/v2\/categories?post=1189"},{"taxonomy":"post_tag","embeddable":true,"href":"https:\/\/www.u-picardie.fr\/crae\/wp-json\/wp\/v2\/tags?post=1189"}],"curies":[{"name":"wp","href":"https:\/\/api.w.org\/{rel}","templated":true}]}}